{"id":209,"date":"2023-03-29T16:27:31","date_gmt":"2023-03-29T19:27:31","guid":{"rendered":"https:\/\/www.iluminiclinic.com.br\/blog\/?p=209"},"modified":"2024-04-16T17:02:15","modified_gmt":"2024-04-16T20:02:15","slug":"saude-da-mulher-como-se-cuidar-da-forma-certa","status":"publish","type":"post","link":"https:\/\/www.iluminiclinic.com.br\/blog\/saude-da-mulher-como-se-cuidar-da-forma-certa\/","title":{"rendered":"Sa\u00fade da Mulher: Tudo o que voc\u00ea precisa saber para se cuidar da forma certa"},"content":{"rendered":"\n<figure class=\"wp-block-image size-large is-resized\"><img fetchpriority=\"high\" decoding=\"async\" width=\"1024\" height=\"683\" src=\"https:\/\/www.iluminiclinic.com.br\/blog\/wp-content\/uploads\/2023\/03\/blog-saude-da-mulher-tudo-o-que-voce-precisa-saber-para-se-cuidar-da-forma-certa-saude-da-mulher-e-cuidados-1-1024x683.jpg\" alt=\"\" class=\"wp-image-224\" style=\"width:613px;height:409px\" srcset=\"https:\/\/www.iluminiclinic.com.br\/blog\/wp-content\/uploads\/2023\/03\/blog-saude-da-mulher-tudo-o-que-voce-precisa-saber-para-se-cuidar-da-forma-certa-saude-da-mulher-e-cuidados-1-1024x683.jpg 1024w, https:\/\/www.iluminiclinic.com.br\/blog\/wp-content\/uploads\/2023\/03\/blog-saude-da-mulher-tudo-o-que-voce-precisa-saber-para-se-cuidar-da-forma-certa-saude-da-mulher-e-cuidados-1-300x200.jpg 300w, https:\/\/www.iluminiclinic.com.br\/blog\/wp-content\/uploads\/2023\/03\/blog-saude-da-mulher-tudo-o-que-voce-precisa-saber-para-se-cuidar-da-forma-certa-saude-da-mulher-e-cuidados-1-768x512.jpg 768w, https:\/\/www.iluminiclinic.com.br\/blog\/wp-content\/uploads\/2023\/03\/blog-saude-da-mulher-tudo-o-que-voce-precisa-saber-para-se-cuidar-da-forma-certa-saude-da-mulher-e-cuidados-1.jpg 1200w\" sizes=\"(max-width: 1024px) 100vw, 1024px\" \/><\/figure>\n\n\n\n<p class=\"has-medium-font-size\">A sa\u00fade da mulher \u00e9 um assunto <span style=\"font-weight: 400;\">que vem ganhando grande relev\u00e2ncia n<\/span>o dia a dia feminino.<\/p>\n\n\n\n<p class=\"has-medium-font-size\"><span style=\"font-weight: 400;\">O corpo feminino engloba uma s\u00e9rie de caracter\u00edsticas e particularidades que requerem cuidados e aten\u00e7\u00e3o, como voc\u00ea vai descobrir neste artigo.&nbsp;<\/span><\/p>\n\n\n\n<p class=\"has-medium-font-size\"><span style=\"font-weight: 400;\">Diferente do que a maioria das pessoas pensam, quando falamos de sa\u00fade englobamos al\u00e9m do corpo f\u00edsico.<\/span><\/p>\n\n\n\n<p class=\"has-medium-font-size\"><span style=\"font-weight: 400;\">Segundo a Organiza\u00e7\u00e3o Mundial de Sa\u00fade (OMS), <\/span><span style=\"font-weight: 400;\">\u201cSa\u00fade <\/span><b>\u00e9 o estado de completo bem-estar f\u00edsico, mental e social e n\u00e3o apenas a aus\u00eancia de doen\u00e7a<\/b><span style=\"font-weight: 400;\">.\u201d<\/span><\/p>\n\n\n\n<p class=\"has-medium-font-size\"><span style=\"font-weight: 400;\">Mas como essa defini\u00e7\u00e3o se aplica quando abordamos o corpo feminino?<\/span><\/p>\n\n\n\n<p class=\"has-ast-global-color-5-color has-text-color\">&#8230;<\/p>\n\n\n\n<h2 class=\"wp-block-heading\"><strong>Muito al\u00e9m do corpo f\u00edsico<\/strong><\/h2>\n\n\n\n<p class=\"has-ast-global-color-2-color has-text-color has-medium-font-size\">Em geral \u00e9 comum pensarmos sempre em um termo quando mencionamos sobre sa\u00fade da mulher: ginecologia.<\/p>\n\n\n\n<p class=\"has-ast-global-color-2-color has-text-color has-medium-font-size\">Mas ser\u00e1 que somente isso \u00e9 o suficiente quando se trata do corpo humano feminino?<\/p>\n\n\n\n<p class=\"has-ast-global-color-2-color has-text-color has-medium-font-size\">A sa\u00fade ginecol\u00f3gica \u00e9 de fato essencial e jamais deve ser negligenciada, mas vamos levar estes cuidados mais a fundo, englobando \u00e1reas importantes, que talvez voc\u00ea nem tenha percebido at\u00e9 o momento.<\/p>\n\n\n\n<p class=\"has-ast-global-color-2-color has-text-color has-medium-font-size\">Como j\u00e1 mencionamos, a defini\u00e7\u00e3o de sa\u00fade segundo a OMS envolve o bem-estar f\u00edsico, mental e social.&nbsp;<\/p>\n\n\n\n<p class=\"has-ast-global-color-2-color has-text-color has-medium-font-size\">Quando falamos de cada um no universo feminino, conseguimos entender melhor como o tema \u00e9 abrangente e espec\u00edfico.<\/p>\n\n\n\n<p class=\"has-ast-global-color-2-color has-text-color has-medium-font-size\">Por isso, vamos explorar cada um deles, explicando essas varia\u00e7\u00f5es e particularidades que envolvem o corpo da mulher.<\/p>\n\n\n\n<p class=\"has-ast-global-color-5-color has-text-color\">&#8230;<\/p>\n\n\n\n<h2 class=\"wp-block-heading has-ast-global-color-2-color has-text-color\"><strong>Quais s\u00e3o os cuidados que englobam a sa\u00fade da mulher?<\/strong><\/h2>\n\n\n\n<p class=\"has-ast-global-color-2-color has-text-color has-medium-font-size\">Como voc\u00ea j\u00e1 deve ter percebido, o f\u00edsico, mental e social se complementam quando falamos de sa\u00fade.<\/p>\n\n\n\n<p class=\"has-ast-global-color-2-color has-text-color has-medium-font-size\">Ent\u00e3o, para entender isso na pr\u00e1tica, vamos abordar cada um deles a seguir:<\/p>\n\n\n\n<figure class=\"wp-block-image size-large is-resized\"><img decoding=\"async\" width=\"1024\" height=\"683\" src=\"https:\/\/www.iluminiclinic.com.br\/blog\/wp-content\/uploads\/2023\/03\/blog-saude-da-mulher-o-que-voce-precisa-saber-sobre-o-tema-para-se-cuidar-da-forma-certa-saude-da-mulher--1024x683.jpg\" alt=\"sa\u00fade da mulher e alimenta\u00e7\u00e3o\" class=\"wp-image-219\" style=\"width:642px;height:428px\" srcset=\"https:\/\/www.iluminiclinic.com.br\/blog\/wp-content\/uploads\/2023\/03\/blog-saude-da-mulher-o-que-voce-precisa-saber-sobre-o-tema-para-se-cuidar-da-forma-certa-saude-da-mulher--1024x683.jpg 1024w, https:\/\/www.iluminiclinic.com.br\/blog\/wp-content\/uploads\/2023\/03\/blog-saude-da-mulher-o-que-voce-precisa-saber-sobre-o-tema-para-se-cuidar-da-forma-certa-saude-da-mulher--300x200.jpg 300w, https:\/\/www.iluminiclinic.com.br\/blog\/wp-content\/uploads\/2023\/03\/blog-saude-da-mulher-o-que-voce-precisa-saber-sobre-o-tema-para-se-cuidar-da-forma-certa-saude-da-mulher--768x512.jpg 768w, https:\/\/www.iluminiclinic.com.br\/blog\/wp-content\/uploads\/2023\/03\/blog-saude-da-mulher-o-que-voce-precisa-saber-sobre-o-tema-para-se-cuidar-da-forma-certa-saude-da-mulher-.jpg 1200w\" sizes=\"(max-width: 1024px) 100vw, 1024px\" \/><\/figure>\n\n\n\n<h3 class=\"wp-block-heading\">    1. <strong>Bem-estar f\u00edsico<\/strong><\/h3>\n\n\n\n<p class=\"has-ast-global-color-2-color has-text-color has-medium-font-size\">Neste primeiro t\u00f3pico estamos falando de v\u00e1rios fatores muito mencionados na medicina como que auxiliam no bom funcionamento do corpo feminino como:<\/p>\n\n\n\n<h4 class=\"wp-block-heading has-ast-global-color-2-color has-text-color has-medium-font-size\"><strong>Alimenta\u00e7\u00e3o Saud\u00e1vel:<\/strong><\/h4>\n\n\n\n<p class=\"has-ast-global-color-2-color has-text-color has-medium-font-size\">A alimenta\u00e7\u00e3o interfere diretamente na sa\u00fade da mulher, incluindo os horm\u00f4nios, disposi\u00e7\u00e3o sexual e at\u00e9 mesmo o sistema reprodutor feminino.<\/p>\n\n\n\n<p class=\"has-ast-global-color-2-color has-text-color has-medium-font-size\">O corpo humano \u00e9 totalmente integrado, por isso ao ter este cuidado voc\u00ea tem mais energia, disposi\u00e7\u00e3o para o dia a dia e sono de qualidade.<\/p>\n\n\n\n<p class=\"has-ast-global-color-2-color has-text-color has-medium-font-size\">Al\u00e9m disso, a alimenta\u00e7\u00e3o saud\u00e1vel tamb\u00e9m auxilia no fortalecimento das unhas, cabelos, e nutre a pele proporcionando mais brilho, elasticidade e combatendo os radicais livres.<\/p>\n\n\n\n<p class=\"has-ast-global-color-2-color has-text-color has-medium-font-size\">E essa m\u00e1gica toda mulher sempre quer! Afinal, cuidados com o corpo fazem parte do universo feminino.<\/p>\n\n\n\n<h4 class=\"wp-block-heading has-ast-global-color-2-color has-text-color has-medium-font-size\"><strong>Pr\u00e1tica de Exerc\u00edcios:<\/strong><\/h4>\n\n\n\n<p class=\"has-ast-global-color-2-color has-text-color has-medium-font-size\">Pode parecer clich\u00ea, mas a pr\u00e1tica de exerc\u00edcios f\u00edsicos \u00e9 essencial para toda mulher, principalmente quando falamos de sa\u00fade.<\/p>\n\n\n\n<p class=\"has-ast-global-color-2-color has-text-color has-medium-font-size\">Isso porque vai muito al\u00e9m de est\u00e9tica!&nbsp;<\/p>\n\n\n\n<p class=\"has-ast-global-color-2-color has-text-color has-medium-font-size\">Ao realizar exerc\u00edcios f\u00edsicos liberamos no corpo horm\u00f4nios como serotonina&nbsp; e endorfina, ligados ao bem-estar.<\/p>\n\n\n\n<p class=\"has-ast-global-color-2-color has-text-color has-medium-font-size\">Al\u00e9m disso, tamb\u00e9m auxiliam no funcionamento do corpo f\u00edsico em geral, manuten\u00e7\u00e3o de peso, regula\u00e7\u00e3o dos horm\u00f4nios e disposi\u00e7\u00e3o na rotina.<\/p>\n\n\n\n<figure class=\"wp-block-image size-large is-resized\"><img decoding=\"async\" width=\"1024\" height=\"731\" src=\"https:\/\/www.iluminiclinic.com.br\/blog\/wp-content\/uploads\/2023\/03\/blog-saude-da-mulher-tudo-o-que-voce-precisa-saber-para-se-cuidar-da-forma-certa-saude-da-mulher-e-exercicios-fisicos-1024x731.jpg\" alt=\"\" class=\"wp-image-225\" style=\"width:612px;height:437px\" srcset=\"https:\/\/www.iluminiclinic.com.br\/blog\/wp-content\/uploads\/2023\/03\/blog-saude-da-mulher-tudo-o-que-voce-precisa-saber-para-se-cuidar-da-forma-certa-saude-da-mulher-e-exercicios-fisicos-1024x731.jpg 1024w, https:\/\/www.iluminiclinic.com.br\/blog\/wp-content\/uploads\/2023\/03\/blog-saude-da-mulher-tudo-o-que-voce-precisa-saber-para-se-cuidar-da-forma-certa-saude-da-mulher-e-exercicios-fisicos-300x214.jpg 300w, https:\/\/www.iluminiclinic.com.br\/blog\/wp-content\/uploads\/2023\/03\/blog-saude-da-mulher-tudo-o-que-voce-precisa-saber-para-se-cuidar-da-forma-certa-saude-da-mulher-e-exercicios-fisicos-768x548.jpg 768w, https:\/\/www.iluminiclinic.com.br\/blog\/wp-content\/uploads\/2023\/03\/blog-saude-da-mulher-tudo-o-que-voce-precisa-saber-para-se-cuidar-da-forma-certa-saude-da-mulher-e-exercicios-fisicos.jpg 1200w\" sizes=\"(max-width: 1024px) 100vw, 1024px\" \/><\/figure>\n\n\n\n<h4 class=\"wp-block-heading has-ast-global-color-2-color has-text-color has-medium-font-size\"><strong>Cuidados m\u00e9dicos e exames:<\/strong><\/h4>\n\n\n\n<p class=\"has-ast-global-color-2-color has-text-color has-medium-font-size\">\u00c9 neste ponto que entram os exames de rotina e cuidados necess\u00e1rios para as mulheres.<\/p>\n\n\n\n<p class=\"has-ast-global-color-2-color has-text-color has-medium-font-size\">O ginecol\u00f3gicos como: papanicolau ou preventivo, mamografia, ultrassonografia transvaginal\u2026<\/p>\n\n\n\n<p class=\"has-ast-global-color-2-color has-text-color has-medium-font-size\">Estes cuidados espec\u00edficos permitem avaliar o corpo feminino e principalmente o sistema reprodutor, fundamental para a sa\u00fade da mulher.<\/p>\n\n\n\n<p class=\"has-ast-global-color-2-color has-text-color has-medium-font-size\">Por\u00e9m outras \u00e1reas tamb\u00e9m s\u00e3o igualmente importantes como nutricionista e endocrinologistas, auxiliando na sa\u00fade como um todo.<\/p>\n\n\n\n<h3 class=\"wp-block-heading\"><strong>        2. Bem-estar mental<\/strong><\/h3>\n\n\n\n<p class=\"has-ast-global-color-2-color has-text-color has-medium-font-size\">Este \u00e9 um tema essencial por\u00e9m ainda complexo quando falamos sobre ele.<\/p>\n\n\n\n<p class=\"has-ast-global-color-2-color has-text-color has-medium-font-size\">Aqui queremos pontuar que a mulher tem a sua percep\u00e7\u00e3o para gerir as emo\u00e7\u00f5es, o estresse do dia a dia, o ac\u00famulo de fun\u00e7\u00f5es, e isso interfere no bem-estar dela, podendo at\u00e9 mesmo atingir o corpo f\u00edsico.<\/p>\n\n\n\n<p class=\"has-ast-global-color-2-color has-text-color has-medium-font-size\">Por isso, somente atividades f\u00edsicas para extravasar, nem sempre d\u00e3o conta.<\/p>\n\n\n\n<p class=\"has-ast-global-color-2-color has-text-color has-medium-font-size\">Ent\u00e3o, pode ser necess\u00e1rio o apoio de profissionais como psic\u00f3logos e terapeutas que auxiliem nesta \u00e1rea.<\/p>\n\n\n\n<p class=\"has-ast-global-color-2-color has-text-color has-medium-font-size\">A ideia de mulheres que d\u00e3o conta de tudo, super hero\u00ednas ou auto suficientes em tudo pode gerar uma press\u00e3o que internamente prejudica o psicol\u00f3gico quando a realidade se apresenta de maneira diferente.<\/p>\n\n\n\n<p class=\"has-ast-global-color-2-color has-text-color has-medium-font-size\">Existem in\u00fameros estudos que apontam como o bem-estar mental interfere diretamente no corpo, incluindo os horm\u00f4nios femininos, a libido, a disposi\u00e7\u00e3o entre outras \u00e1reas.<\/p>\n\n\n\n<p class=\"has-ast-global-color-2-color has-text-color has-medium-font-size\">Por isso, este cuidado \u00e9 muito relevante quando falamos da sa\u00fade da mulher, onde a sensibilidade feminina \u00e9 mais apurada e merece aten\u00e7\u00e3o.<\/p>\n\n\n\n<h3 class=\"wp-block-heading\">        3. <strong>Bem-estar social<\/strong><\/h3>\n\n\n\n<p class=\"has-ast-global-color-2-color has-text-color has-medium-font-size\">Quando falamos de bem-estar social inclui atividades que englobam a socializa\u00e7\u00e3o de forma saud\u00e1vel.<\/p>\n\n\n\n<p class=\"has-ast-global-color-2-color has-text-color has-medium-font-size\">A ideia de grupos ou amigos que fazem parte do mesmo interesse em comum e se unem para aproveitar.<\/p>\n\n\n\n<p class=\"has-ast-global-color-2-color has-text-color has-medium-font-size\">Ent\u00e3o, estamos falando de momentos de lazer que proporcionem essa conviv\u00eancia saud\u00e1vel, o que \u00e9 muito importante para a mulher.<\/p>\n\n\n\n<p class=\"has-ast-global-color-5-color has-text-color\">.<\/p>\n\n\n\n<h2 class=\"wp-block-heading has-ast-global-color-2-color has-text-color\" style=\"font-size:22px\"><strong>Ilumini Clinic: Refer\u00eancia em sa\u00fade da mulher em S\u00e3o Paulo<\/strong><\/h2>\n\n\n\n<p class=\"has-ast-global-color-2-color has-text-color has-medium-font-size\"><em>A Ilumini Clinic possui m\u00e9dicos especialistas na sa\u00fade da mulher tornando -se refer\u00eancia na cidade de S\u00e3o Paulo.<\/em><\/p>\n\n\n\n<p class=\"has-ast-global-color-2-color has-text-color has-medium-font-size\">Aqui proporcionamos uma nova experi\u00eancia em sa\u00fade garantindo o cuidado que voc\u00ea precisa para a sua sa\u00fade. <a href=\"https:\/\/www.iluminiclinic.com.br\/blog\/ilumini-clinic-um-espaco-pensado-em-detalhes-para-receber-voce\/\"><strong>Saiba mais sobre n\u00f3s aqui.<\/strong><\/a><\/p>\n\n\n\n<p class=\"has-ast-global-color-2-color has-text-color has-medium-font-size\">Atrav\u00e9s do nosso atendimento personalizado, unimos os melhores recursos da atualidade e tecnologia de ponta.<\/p>\n\n\n\n<p class=\"has-ast-global-color-2-color has-text-color has-medium-font-size\">Por isso, aqui voc\u00ea encontra todo apoio, carinho e cuidados que seu corpo precisa para viver com sa\u00fade, bem-estar e longevidade.<\/p>\n\n\n\n<p class=\"has-ast-global-color-2-color has-text-color has-medium-font-size\"><strong>Venha marcar a sua consulta e confira como podemos cuidar de voc\u00ea!<\/strong><\/p>\n\n\n\n<p class=\"has-ast-global-color-2-color has-text-color has-medium-font-size\"><strong><a href=\"https:\/\/api.whatsapp.com\/send?phone=551155559191&amp;text=Ol%C3%A1%2C+deixe+sua+mensagem%21\">Clique aqui e agende agora.<\/a><\/strong><\/p>\n","protected":false},"excerpt":{"rendered":"<p>Confira quais s\u00e3o os t\u00f3picos essenciais quando falamos de sa\u00fade da mulher.<\/p>\n","protected":false},"author":1,"featured_media":222,"comment_status":"closed","ping_status":"closed","sticky":false,"template":"","format":"standard","meta":{"site-sidebar-layout":"default","site-content-layout":"","ast-site-content-layout":"default","site-content-style":"default","site-sidebar-style":"default","ast-global-header-display":"","ast-banner-title-visibility":"","ast-main-header-display":"","ast-hfb-above-header-display":"","ast-hfb-below-header-display":"","ast-hfb-mobile-header-display":"","site-post-title":"","ast-breadcrumbs-content":"","ast-featured-img":"","footer-sml-layout":"","ast-disable-related-posts":"","theme-transparent-header-meta":"","adv-header-id-meta":"","stick-header-meta":"","header-above-stick-meta":"","header-main-stick-meta":"","header-below-stick-meta":"","astra-migrate-meta-layouts":"set","ast-page-background-enabled":"default","ast-page-background-meta":{"desktop":{"background-color":"var(--ast-global-color-4)","background-image":"","background-repeat":"repeat","background-position":"center center","background-size":"auto","background-attachment":"scroll","background-type":"","background-media":"","overlay-type":"","overlay-color":"","overlay-opacity":"","overlay-gradient":""},"tablet":{"background-color":"","background-image":"","background-repeat":"repeat","background-position":"center center","background-size":"auto","background-attachment":"scroll","background-type":"","background-media":"","overlay-type":"","overlay-color":"","overlay-opacity":"","overlay-gradient":""},"mobile":{"background-color":"","background-image":"","background-repeat":"repeat","background-position":"center center","background-size":"auto","background-attachment":"scroll","background-type":"","background-media":"","overlay-type":"","overlay-color":"","overlay-opacity":"","overlay-gradient":""}},"ast-content-background-meta":{"desktop":{"background-color":"var(--ast-global-color-5)","background-image":"","background-repeat":"repeat","background-position":"center center","background-size":"auto","background-attachment":"scroll","background-type":"","background-media":"","overlay-type":"","overlay-color":"","overlay-opacity":"","overlay-gradient":""},"tablet":{"background-color":"var(--ast-global-color-5)","background-image":"","background-repeat":"repeat","background-position":"center center","background-size":"auto","background-attachment":"scroll","background-type":"","background-media":"","overlay-type":"","overlay-color":"","overlay-opacity":"","overlay-gradient":""},"mobile":{"background-color":"var(--ast-global-color-5)","background-image":"","background-repeat":"repeat","background-position":"center center","background-size":"auto","background-attachment":"scroll","background-type":"","background-media":"","overlay-type":"","overlay-color":"","overlay-opacity":"","overlay-gradient":""}},"footnotes":""},"categories":[1],"tags":[16,20,15,42,43],"class_list":["post-209","post","type-post","status-publish","format-standard","has-post-thumbnail","hentry","category-sem-categoria","tag-clinica-multidisciplinar","tag-ilumini-clinic","tag-medicina-integrativa","tag-saude-da-mulher","tag-saude-feminina"],"yoast_head":"<!-- This site is optimized with the Yoast SEO plugin v27.5 - https:\/\/yoast.com\/product\/yoast-seo-wordpress\/ -->\n<title>Sa\u00fade da Mulher: Como se cuidar da forma certa?<\/title>\n<meta name=\"description\" content=\"Confira os 3 principais cuidados relacionados a sa\u00fade da mulher que voc\u00ea precisa estar atenta para se cuidar da forma certa.\" \/>\n<meta name=\"robots\" content=\"index, follow, max-snippet:-1, max-image-preview:large, max-video-preview:-1\" \/>\n<link rel=\"canonical\" href=\"https:\/\/www.iluminiclinic.com.br\/blog\/saude-da-mulher-como-se-cuidar-da-forma-certa\/\" \/>\n<meta property=\"og:locale\" content=\"pt_BR\" \/>\n<meta property=\"og:type\" content=\"article\" \/>\n<meta property=\"og:title\" content=\"Sa\u00fade da Mulher: Como se cuidar da forma certa?\" \/>\n<meta property=\"og:description\" content=\"Confira os 3 principais cuidados relacionados a sa\u00fade da mulher que voc\u00ea precisa estar atenta para se cuidar da forma certa.\" \/>\n<meta property=\"og:url\" content=\"https:\/\/www.iluminiclinic.com.br\/blog\/saude-da-mulher-como-se-cuidar-da-forma-certa\/\" \/>\n<meta property=\"og:site_name\" content=\"Ilumini Clinic\" \/>\n<meta property=\"article:published_time\" content=\"2023-03-29T19:27:31+00:00\" \/>\n<meta property=\"article:modified_time\" content=\"2024-04-16T20:02:15+00:00\" \/>\n<meta property=\"og:image\" content=\"https:\/\/www.iluminiclinic.com.br\/blog\/wp-content\/uploads\/2023\/03\/blog-saude-da-mulher-tudo-o-que-voce-precisa-saber-para-se-cuidar-da-forma-certa-saude-da-mulher-e-cuidados.jpg\" \/>\n\t<meta property=\"og:image:width\" content=\"1200\" \/>\n\t<meta property=\"og:image:height\" content=\"800\" \/>\n\t<meta property=\"og:image:type\" content=\"image\/jpeg\" \/>\n<meta name=\"author\" content=\"Ilumini Clinic\" \/>\n<meta name=\"twitter:card\" content=\"summary_large_image\" \/>\n<meta name=\"twitter:label1\" content=\"Escrito por\" \/>\n\t<meta name=\"twitter:data1\" content=\"Ilumini Clinic\" \/>\n\t<meta name=\"twitter:label2\" content=\"Est. tempo de leitura\" \/>\n\t<meta name=\"twitter:data2\" content=\"6 minutos\" \/>\n<script type=\"application\/ld+json\" class=\"yoast-schema-graph\">{\"@context\":\"https:\\\/\\\/schema.org\",\"@graph\":[{\"@type\":\"Article\",\"@id\":\"https:\\\/\\\/www.iluminiclinic.com.br\\\/blog\\\/saude-da-mulher-como-se-cuidar-da-forma-certa\\\/#article\",\"isPartOf\":{\"@id\":\"https:\\\/\\\/www.iluminiclinic.com.br\\\/blog\\\/saude-da-mulher-como-se-cuidar-da-forma-certa\\\/\"},\"author\":{\"name\":\"Ilumini Clinic\",\"@id\":\"https:\\\/\\\/www.iluminiclinic.com.br\\\/blog\\\/#\\\/schema\\\/person\\\/6bd731de466a31b9ac26a020350a637e\"},\"headline\":\"Sa\u00fade da Mulher: Tudo o que voc\u00ea precisa saber para se cuidar da forma certa\",\"datePublished\":\"2023-03-29T19:27:31+00:00\",\"dateModified\":\"2024-04-16T20:02:15+00:00\",\"mainEntityOfPage\":{\"@id\":\"https:\\\/\\\/www.iluminiclinic.com.br\\\/blog\\\/saude-da-mulher-como-se-cuidar-da-forma-certa\\\/\"},\"wordCount\":930,\"publisher\":{\"@id\":\"https:\\\/\\\/www.iluminiclinic.com.br\\\/blog\\\/#organization\"},\"image\":{\"@id\":\"https:\\\/\\\/www.iluminiclinic.com.br\\\/blog\\\/saude-da-mulher-como-se-cuidar-da-forma-certa\\\/#primaryimage\"},\"thumbnailUrl\":\"https:\\\/\\\/www.iluminiclinic.com.br\\\/blog\\\/wp-content\\\/uploads\\\/2023\\\/03\\\/blog-saude-da-mulher-tudo-o-que-voce-precisa-saber-para-se-cuidar-da-forma-certa-saude-da-mulher-e-cuidados.jpg\",\"keywords\":[\"cl\u00ednica multidisciplinar\",\"Ilumini Clinic\",\"Medicina Integrativa\",\"sa\u00fade da mulher\",\"sa\u00fade feminina\"],\"inLanguage\":\"pt-BR\"},{\"@type\":\"WebPage\",\"@id\":\"https:\\\/\\\/www.iluminiclinic.com.br\\\/blog\\\/saude-da-mulher-como-se-cuidar-da-forma-certa\\\/\",\"url\":\"https:\\\/\\\/www.iluminiclinic.com.br\\\/blog\\\/saude-da-mulher-como-se-cuidar-da-forma-certa\\\/\",\"name\":\"Sa\u00fade da Mulher: Como se cuidar da forma certa?\",\"isPartOf\":{\"@id\":\"https:\\\/\\\/www.iluminiclinic.com.br\\\/blog\\\/#website\"},\"primaryImageOfPage\":{\"@id\":\"https:\\\/\\\/www.iluminiclinic.com.br\\\/blog\\\/saude-da-mulher-como-se-cuidar-da-forma-certa\\\/#primaryimage\"},\"image\":{\"@id\":\"https:\\\/\\\/www.iluminiclinic.com.br\\\/blog\\\/saude-da-mulher-como-se-cuidar-da-forma-certa\\\/#primaryimage\"},\"thumbnailUrl\":\"https:\\\/\\\/www.iluminiclinic.com.br\\\/blog\\\/wp-content\\\/uploads\\\/2023\\\/03\\\/blog-saude-da-mulher-tudo-o-que-voce-precisa-saber-para-se-cuidar-da-forma-certa-saude-da-mulher-e-cuidados.jpg\",\"datePublished\":\"2023-03-29T19:27:31+00:00\",\"dateModified\":\"2024-04-16T20:02:15+00:00\",\"description\":\"Confira os 3 principais cuidados relacionados a sa\u00fade da mulher que voc\u00ea precisa estar atenta para se cuidar da forma certa.\",\"breadcrumb\":{\"@id\":\"https:\\\/\\\/www.iluminiclinic.com.br\\\/blog\\\/saude-da-mulher-como-se-cuidar-da-forma-certa\\\/#breadcrumb\"},\"inLanguage\":\"pt-BR\",\"potentialAction\":[{\"@type\":\"ReadAction\",\"target\":[\"https:\\\/\\\/www.iluminiclinic.com.br\\\/blog\\\/saude-da-mulher-como-se-cuidar-da-forma-certa\\\/\"]}]},{\"@type\":\"ImageObject\",\"inLanguage\":\"pt-BR\",\"@id\":\"https:\\\/\\\/www.iluminiclinic.com.br\\\/blog\\\/saude-da-mulher-como-se-cuidar-da-forma-certa\\\/#primaryimage\",\"url\":\"https:\\\/\\\/www.iluminiclinic.com.br\\\/blog\\\/wp-content\\\/uploads\\\/2023\\\/03\\\/blog-saude-da-mulher-tudo-o-que-voce-precisa-saber-para-se-cuidar-da-forma-certa-saude-da-mulher-e-cuidados.jpg\",\"contentUrl\":\"https:\\\/\\\/www.iluminiclinic.com.br\\\/blog\\\/wp-content\\\/uploads\\\/2023\\\/03\\\/blog-saude-da-mulher-tudo-o-que-voce-precisa-saber-para-se-cuidar-da-forma-certa-saude-da-mulher-e-cuidados.jpg\",\"width\":1200,\"height\":800},{\"@type\":\"BreadcrumbList\",\"@id\":\"https:\\\/\\\/www.iluminiclinic.com.br\\\/blog\\\/saude-da-mulher-como-se-cuidar-da-forma-certa\\\/#breadcrumb\",\"itemListElement\":[{\"@type\":\"ListItem\",\"position\":1,\"name\":\"In\u00edcio\",\"item\":\"https:\\\/\\\/www.iluminiclinic.com.br\\\/blog\\\/\"},{\"@type\":\"ListItem\",\"position\":2,\"name\":\"Sa\u00fade da Mulher: Tudo o que voc\u00ea precisa saber para se cuidar da forma certa\"}]},{\"@type\":\"WebSite\",\"@id\":\"https:\\\/\\\/www.iluminiclinic.com.br\\\/blog\\\/#website\",\"url\":\"https:\\\/\\\/www.iluminiclinic.com.br\\\/blog\\\/\",\"name\":\"Ilumini Clinic\",\"description\":\"Tratamento da Dor, Ginecologia, Obstetr\u00edcia e Reprodu\u00e7\u00e3o Humana\",\"publisher\":{\"@id\":\"https:\\\/\\\/www.iluminiclinic.com.br\\\/blog\\\/#organization\"},\"potentialAction\":[{\"@type\":\"SearchAction\",\"target\":{\"@type\":\"EntryPoint\",\"urlTemplate\":\"https:\\\/\\\/www.iluminiclinic.com.br\\\/blog\\\/?s={search_term_string}\"},\"query-input\":{\"@type\":\"PropertyValueSpecification\",\"valueRequired\":true,\"valueName\":\"search_term_string\"}}],\"inLanguage\":\"pt-BR\"},{\"@type\":\"Organization\",\"@id\":\"https:\\\/\\\/www.iluminiclinic.com.br\\\/blog\\\/#organization\",\"name\":\"Ilumini Clinic\",\"url\":\"https:\\\/\\\/www.iluminiclinic.com.br\\\/blog\\\/\",\"logo\":{\"@type\":\"ImageObject\",\"inLanguage\":\"pt-BR\",\"@id\":\"https:\\\/\\\/www.iluminiclinic.com.br\\\/blog\\\/#\\\/schema\\\/logo\\\/image\\\/\",\"url\":\"https:\\\/\\\/www.iluminiclinic.com.br\\\/blog\\\/wp-content\\\/uploads\\\/2023\\\/01\\\/blog-logo-pure-white.png\",\"contentUrl\":\"https:\\\/\\\/www.iluminiclinic.com.br\\\/blog\\\/wp-content\\\/uploads\\\/2023\\\/01\\\/blog-logo-pure-white.png\",\"width\":500,\"height\":116,\"caption\":\"Ilumini Clinic\"},\"image\":{\"@id\":\"https:\\\/\\\/www.iluminiclinic.com.br\\\/blog\\\/#\\\/schema\\\/logo\\\/image\\\/\"},\"sameAs\":[\"https:\\\/\\\/www.instagram.com\\\/iluminiclinic\\\/\"]},{\"@type\":\"Person\",\"@id\":\"https:\\\/\\\/www.iluminiclinic.com.br\\\/blog\\\/#\\\/schema\\\/person\\\/6bd731de466a31b9ac26a020350a637e\",\"name\":\"Ilumini Clinic\",\"sameAs\":[\"https:\\\/\\\/www.iluminiclinic.com.br\\\/blog\"],\"url\":\"https:\\\/\\\/www.iluminiclinic.com.br\\\/blog\\\/author\\\/admin_wp_59\\\/\"}]}<\/script>\n<!-- \/ Yoast SEO plugin. -->","yoast_head_json":{"title":"Sa\u00fade da Mulher: Como se cuidar da forma certa?","description":"Confira os 3 principais cuidados relacionados a sa\u00fade da mulher que voc\u00ea precisa estar atenta para se cuidar da forma certa.","robots":{"index":"index","follow":"follow","max-snippet":"max-snippet:-1","max-image-preview":"max-image-preview:large","max-video-preview":"max-video-preview:-1"},"canonical":"https:\/\/www.iluminiclinic.com.br\/blog\/saude-da-mulher-como-se-cuidar-da-forma-certa\/","og_locale":"pt_BR","og_type":"article","og_title":"Sa\u00fade da Mulher: Como se cuidar da forma certa?","og_description":"Confira os 3 principais cuidados relacionados a sa\u00fade da mulher que voc\u00ea precisa estar atenta para se cuidar da forma certa.","og_url":"https:\/\/www.iluminiclinic.com.br\/blog\/saude-da-mulher-como-se-cuidar-da-forma-certa\/","og_site_name":"Ilumini Clinic","article_published_time":"2023-03-29T19:27:31+00:00","article_modified_time":"2024-04-16T20:02:15+00:00","og_image":[{"width":1200,"height":800,"url":"https:\/\/www.iluminiclinic.com.br\/blog\/wp-content\/uploads\/2023\/03\/blog-saude-da-mulher-tudo-o-que-voce-precisa-saber-para-se-cuidar-da-forma-certa-saude-da-mulher-e-cuidados.jpg","type":"image\/jpeg"}],"author":"Ilumini Clinic","twitter_card":"summary_large_image","twitter_misc":{"Escrito por":"Ilumini Clinic","Est. tempo de leitura":"6 minutos"},"schema":{"@context":"https:\/\/schema.org","@graph":[{"@type":"Article","@id":"https:\/\/www.iluminiclinic.com.br\/blog\/saude-da-mulher-como-se-cuidar-da-forma-certa\/#article","isPartOf":{"@id":"https:\/\/www.iluminiclinic.com.br\/blog\/saude-da-mulher-como-se-cuidar-da-forma-certa\/"},"author":{"name":"Ilumini Clinic","@id":"https:\/\/www.iluminiclinic.com.br\/blog\/#\/schema\/person\/6bd731de466a31b9ac26a020350a637e"},"headline":"Sa\u00fade da Mulher: Tudo o que voc\u00ea precisa saber para se cuidar da forma certa","datePublished":"2023-03-29T19:27:31+00:00","dateModified":"2024-04-16T20:02:15+00:00","mainEntityOfPage":{"@id":"https:\/\/www.iluminiclinic.com.br\/blog\/saude-da-mulher-como-se-cuidar-da-forma-certa\/"},"wordCount":930,"publisher":{"@id":"https:\/\/www.iluminiclinic.com.br\/blog\/#organization"},"image":{"@id":"https:\/\/www.iluminiclinic.com.br\/blog\/saude-da-mulher-como-se-cuidar-da-forma-certa\/#primaryimage"},"thumbnailUrl":"https:\/\/www.iluminiclinic.com.br\/blog\/wp-content\/uploads\/2023\/03\/blog-saude-da-mulher-tudo-o-que-voce-precisa-saber-para-se-cuidar-da-forma-certa-saude-da-mulher-e-cuidados.jpg","keywords":["cl\u00ednica multidisciplinar","Ilumini Clinic","Medicina Integrativa","sa\u00fade da mulher","sa\u00fade feminina"],"inLanguage":"pt-BR"},{"@type":"WebPage","@id":"https:\/\/www.iluminiclinic.com.br\/blog\/saude-da-mulher-como-se-cuidar-da-forma-certa\/","url":"https:\/\/www.iluminiclinic.com.br\/blog\/saude-da-mulher-como-se-cuidar-da-forma-certa\/","name":"Sa\u00fade da Mulher: Como se cuidar da forma certa?","isPartOf":{"@id":"https:\/\/www.iluminiclinic.com.br\/blog\/#website"},"primaryImageOfPage":{"@id":"https:\/\/www.iluminiclinic.com.br\/blog\/saude-da-mulher-como-se-cuidar-da-forma-certa\/#primaryimage"},"image":{"@id":"https:\/\/www.iluminiclinic.com.br\/blog\/saude-da-mulher-como-se-cuidar-da-forma-certa\/#primaryimage"},"thumbnailUrl":"https:\/\/www.iluminiclinic.com.br\/blog\/wp-content\/uploads\/2023\/03\/blog-saude-da-mulher-tudo-o-que-voce-precisa-saber-para-se-cuidar-da-forma-certa-saude-da-mulher-e-cuidados.jpg","datePublished":"2023-03-29T19:27:31+00:00","dateModified":"2024-04-16T20:02:15+00:00","description":"Confira os 3 principais cuidados relacionados a sa\u00fade da mulher que voc\u00ea precisa estar atenta para se cuidar da forma certa.","breadcrumb":{"@id":"https:\/\/www.iluminiclinic.com.br\/blog\/saude-da-mulher-como-se-cuidar-da-forma-certa\/#breadcrumb"},"inLanguage":"pt-BR","potentialAction":[{"@type":"ReadAction","target":["https:\/\/www.iluminiclinic.com.br\/blog\/saude-da-mulher-como-se-cuidar-da-forma-certa\/"]}]},{"@type":"ImageObject","inLanguage":"pt-BR","@id":"https:\/\/www.iluminiclinic.com.br\/blog\/saude-da-mulher-como-se-cuidar-da-forma-certa\/#primaryimage","url":"https:\/\/www.iluminiclinic.com.br\/blog\/wp-content\/uploads\/2023\/03\/blog-saude-da-mulher-tudo-o-que-voce-precisa-saber-para-se-cuidar-da-forma-certa-saude-da-mulher-e-cuidados.jpg","contentUrl":"https:\/\/www.iluminiclinic.com.br\/blog\/wp-content\/uploads\/2023\/03\/blog-saude-da-mulher-tudo-o-que-voce-precisa-saber-para-se-cuidar-da-forma-certa-saude-da-mulher-e-cuidados.jpg","width":1200,"height":800},{"@type":"BreadcrumbList","@id":"https:\/\/www.iluminiclinic.com.br\/blog\/saude-da-mulher-como-se-cuidar-da-forma-certa\/#breadcrumb","itemListElement":[{"@type":"ListItem","position":1,"name":"In\u00edcio","item":"https:\/\/www.iluminiclinic.com.br\/blog\/"},{"@type":"ListItem","position":2,"name":"Sa\u00fade da Mulher: Tudo o que voc\u00ea precisa saber para se cuidar da forma certa"}]},{"@type":"WebSite","@id":"https:\/\/www.iluminiclinic.com.br\/blog\/#website","url":"https:\/\/www.iluminiclinic.com.br\/blog\/","name":"Ilumini Clinic","description":"Tratamento da Dor, Ginecologia, Obstetr\u00edcia e Reprodu\u00e7\u00e3o Humana","publisher":{"@id":"https:\/\/www.iluminiclinic.com.br\/blog\/#organization"},"potentialAction":[{"@type":"SearchAction","target":{"@type":"EntryPoint","urlTemplate":"https:\/\/www.iluminiclinic.com.br\/blog\/?s={search_term_string}"},"query-input":{"@type":"PropertyValueSpecification","valueRequired":true,"valueName":"search_term_string"}}],"inLanguage":"pt-BR"},{"@type":"Organization","@id":"https:\/\/www.iluminiclinic.com.br\/blog\/#organization","name":"Ilumini Clinic","url":"https:\/\/www.iluminiclinic.com.br\/blog\/","logo":{"@type":"ImageObject","inLanguage":"pt-BR","@id":"https:\/\/www.iluminiclinic.com.br\/blog\/#\/schema\/logo\/image\/","url":"https:\/\/www.iluminiclinic.com.br\/blog\/wp-content\/uploads\/2023\/01\/blog-logo-pure-white.png","contentUrl":"https:\/\/www.iluminiclinic.com.br\/blog\/wp-content\/uploads\/2023\/01\/blog-logo-pure-white.png","width":500,"height":116,"caption":"Ilumini Clinic"},"image":{"@id":"https:\/\/www.iluminiclinic.com.br\/blog\/#\/schema\/logo\/image\/"},"sameAs":["https:\/\/www.instagram.com\/iluminiclinic\/"]},{"@type":"Person","@id":"https:\/\/www.iluminiclinic.com.br\/blog\/#\/schema\/person\/6bd731de466a31b9ac26a020350a637e","name":"Ilumini Clinic","sameAs":["https:\/\/www.iluminiclinic.com.br\/blog"],"url":"https:\/\/www.iluminiclinic.com.br\/blog\/author\/admin_wp_59\/"}]}},"_links":{"self":[{"href":"https:\/\/www.iluminiclinic.com.br\/blog\/wp-json\/wp\/v2\/posts\/209","targetHints":{"allow":["GET"]}}],"collection":[{"href":"https:\/\/www.iluminiclinic.com.br\/blog\/wp-json\/wp\/v2\/posts"}],"about":[{"href":"https:\/\/www.iluminiclinic.com.br\/blog\/wp-json\/wp\/v2\/types\/post"}],"author":[{"embeddable":true,"href":"https:\/\/www.iluminiclinic.com.br\/blog\/wp-json\/wp\/v2\/users\/1"}],"replies":[{"embeddable":true,"href":"https:\/\/www.iluminiclinic.com.br\/blog\/wp-json\/wp\/v2\/comments?post=209"}],"version-history":[{"count":14,"href":"https:\/\/www.iluminiclinic.com.br\/blog\/wp-json\/wp\/v2\/posts\/209\/revisions"}],"predecessor-version":[{"id":357,"href":"https:\/\/www.iluminiclinic.com.br\/blog\/wp-json\/wp\/v2\/posts\/209\/revisions\/357"}],"wp:featuredmedia":[{"embeddable":true,"href":"https:\/\/www.iluminiclinic.com.br\/blog\/wp-json\/wp\/v2\/media\/222"}],"wp:attachment":[{"href":"https:\/\/www.iluminiclinic.com.br\/blog\/wp-json\/wp\/v2\/media?parent=209"}],"wp:term":[{"taxonomy":"category","embeddable":true,"href":"https:\/\/www.iluminiclinic.com.br\/blog\/wp-json\/wp\/v2\/categories?post=209"},{"taxonomy":"post_tag","embeddable":true,"href":"https:\/\/www.iluminiclinic.com.br\/blog\/wp-json\/wp\/v2\/tags?post=209"}],"curies":[{"name":"wp","href":"https:\/\/api.w.org\/{rel}","templated":true}]}}