{"id":406,"date":"2024-04-19T22:55:50","date_gmt":"2024-04-20T01:55:50","guid":{"rendered":"https:\/\/www.iluminiclinic.com.br\/blog\/?p=406"},"modified":"2024-05-02T09:42:17","modified_gmt":"2024-05-02T12:42:17","slug":"compreendendo-a-dor-cronica-causas-sintomas-e-tratamentos","status":"publish","type":"post","link":"https:\/\/www.iluminiclinic.com.br\/blog\/compreendendo-a-dor-cronica-causas-sintomas-e-tratamentos\/","title":{"rendered":"Dor cr\u00f4nica: Compreendendo causas, sintomas e tratamentos"},"content":{"rendered":"\n<p class=\"has-medium-font-size\">Sabe aquela dor que n\u00e3o passa e j\u00e1 est\u00e1 com voc\u00ea por semanas, meses ou at\u00e9 anos? Ela \u00e9 conhecida como dor cr\u00f4nica, justamente por sua const\u00e2ncia.<\/p>\n\n\n\n<p class=\"has-medium-font-size\">Na correria do dia a dia, rotina, trabalho e afazeres, as dores acabam ficando em segundo plano. <\/p>\n\n\n\n<p class=\"has-medium-font-size\">Ent\u00e3o, \u00e9 comum quando a dor n\u00e3o se mostra realmente forte ou preocupante, o paciente ir prorrogando uma consulta, exames e consequentemente o tratamento.<\/p>\n\n\n\n<p class=\"has-medium-font-size\">A verdade \u00e9 que se normalizou entre o senso comum que viver com dor \u00e9 normal. Mas n\u00e3o \u00e9!<\/p>\n\n\n\n<p class=\"has-medium-font-size\">Pelo contr\u00e1rio! A dor em uma determinada regi\u00e3o \u00e9 uma resposta do corpo ou um alerta que deve ser analisado e levado com seriedade.<\/p>\n\n\n\n<p class=\"has-medium-font-size\">Mas quando n\u00e3o tratado pode agravar e at\u00e9 mesmo afetar a qualidade de vida.<\/p>\n\n\n\n<p class=\"has-medium-font-size\">\u00c9 por isso que neste artigo vamos explicar sobre pontos importantes relacionados ao assunto como:<\/p>\n\n\n\n<p class=\"has-medium-font-size\">&#8211; O que \u00e9 dor cr\u00f4nica?<\/p>\n\n\n\n<p class=\"has-medium-font-size\">&#8211; Quais s\u00e3o as principais causas;<\/p>\n\n\n\n<p class=\"has-medium-font-size\">&#8211; Sintomas;<\/p>\n\n\n\n<p class=\"has-medium-font-size\">&#8211; Tratamentos efetivos para dor cr\u00f4nica;<\/p>\n\n\n\n<p class=\"has-ast-global-color-5-color has-text-color has-link-color wp-elements-06c5d694bc192a30685b0abe519c88fd\" style=\"font-size:0px\">.<\/p>\n\n\n\n<p class=\"has-ast-global-color-5-color has-text-color has-link-color wp-elements-7ec8b284414349c268625efcac91dc19\" style=\"font-size:0px\">Por\u00e9m<\/p>\n\n\n\n<h2 class=\"wp-block-heading\"><strong>O que \u00e9 dor cr\u00f4nica?&nbsp;<\/strong><\/h2>\n\n\n\n<p class=\"has-medium-font-size\">A dor cr\u00f4nica \u00e9 uma condi\u00e7\u00e3o persistente e que afeta milh\u00f5es de pessoas em todo o mundo. Existem diversas poss\u00edveis causas para que elas surjam, al\u00e9m de poderem aparecer em sintomas variados.<\/p>\n\n\n\n<p class=\"has-medium-font-size\">Ao contr\u00e1rio da dor aguda, que \u00e9 tempor\u00e1ria e geralmente resulta de les\u00f5es ou doen\u00e7as recentes, a dor cr\u00f4nica pode persistir por semanas, meses ou at\u00e9 anos.<\/p>\n\n\n\n<figure class=\"wp-block-image size-large is-resized\"><img fetchpriority=\"high\" decoding=\"async\" width=\"1024\" height=\"683\" src=\"https:\/\/www.iluminiclinic.com.br\/blog\/wp-content\/uploads\/2024\/04\/blog-dor-cronica-compreendendo-causas-sintomas-e-tratamentos-tratamento-dor-cronica-1024x683.jpg\" alt=\"mulher com dor na lombar sentada no computador\" class=\"wp-image-473\" style=\"width:557px;height:auto\" srcset=\"https:\/\/www.iluminiclinic.com.br\/blog\/wp-content\/uploads\/2024\/04\/blog-dor-cronica-compreendendo-causas-sintomas-e-tratamentos-tratamento-dor-cronica-1024x683.jpg 1024w, https:\/\/www.iluminiclinic.com.br\/blog\/wp-content\/uploads\/2024\/04\/blog-dor-cronica-compreendendo-causas-sintomas-e-tratamentos-tratamento-dor-cronica-300x200.jpg 300w, https:\/\/www.iluminiclinic.com.br\/blog\/wp-content\/uploads\/2024\/04\/blog-dor-cronica-compreendendo-causas-sintomas-e-tratamentos-tratamento-dor-cronica-768x512.jpg 768w, https:\/\/www.iluminiclinic.com.br\/blog\/wp-content\/uploads\/2024\/04\/blog-dor-cronica-compreendendo-causas-sintomas-e-tratamentos-tratamento-dor-cronica.jpg 1200w\" sizes=\"(max-width: 1024px) 100vw, 1024px\" \/><\/figure>\n\n\n\n<p class=\"has-medium-font-size\">Mas vamos as causas principais que voc\u00ea precisa saber.<\/p>\n\n\n\n<p class=\"has-ast-global-color-5-color has-text-color has-link-color wp-elements-06c5d694bc192a30685b0abe519c88fd\" style=\"font-size:0px\">.<\/p>\n\n\n\n<p class=\"has-ast-global-color-5-color has-text-color has-link-color wp-elements-d4ed826ca0e6b772f1495c3f283b0156\" style=\"font-size:0px\">Contudo<\/p>\n\n\n\n<h2 class=\"wp-block-heading\"><strong>Quais s\u00e3o as principais causas da dor cr\u00f4nica?<\/strong><\/h2>\n\n\n\n<p class=\"has-medium-font-size\">As causas podem variar e podem ser desencadeadas por uma variedade de fatores f\u00edsicos, emocionais e ambientais.&nbsp;<\/p>\n\n\n\n<p class=\"has-medium-font-size\">Por isso, \u00e9 importante estar atento aos sintomas e fatores que podem interferir no quadro cl\u00ednico.<\/p>\n\n\n\n<p class=\"has-medium-font-size\">Ent\u00e3o aqui est\u00e3o algumas das causas mais comuns da dor cr\u00f4nica:<\/p>\n\n\n\n<p class=\"has-medium-font-size\">1. Les\u00f5es Anteriores: Traumas f\u00edsicos, como acidentes de carro ou quedas, podem resultar em dor cr\u00f4nica, mesmo ap\u00f3s a cicatriza\u00e7\u00e3o.<\/p>\n\n\n\n<p class=\"has-medium-font-size\">2. Condi\u00e7\u00f5es M\u00e9dicas: Certas condi\u00e7\u00f5es m\u00e9dicas, como artrite, fibromialgia, s\u00edndrome do intestino irrit\u00e1vel est\u00e3o associadas \u00e0 dor cr\u00f4nica.<\/p>\n\n\n\n<p class=\"has-medium-font-size\">3. Mudan\u00e7as no Sistema Nervoso: Les\u00f5es nos nervos ou altera\u00e7\u00f5es no funcionamento do sistema nervoso central podem levar \u00e0 amplifica\u00e7\u00e3o da dor, resultando em sensa\u00e7\u00f5es de dor cr\u00f4nica.<\/p>\n\n\n\n<p class=\"has-medium-font-size\">4. Corpo e Mente: O estresse cr\u00f4nico, a ansiedade, a depress\u00e3o e outros fatores psicossociais podem contribuir para as dores cr\u00f4nicas.<\/p>\n\n\n\n<p class=\"has-medium-font-size\">5. Estilo de vida: O estilo de vida interfere diretamente no corpo. A falta de exerc\u00edcios f\u00edsicos, alongamento e uma m\u00e1 alimenta\u00e7\u00e3o s\u00e3o prejudiciais \u00e0 sa\u00fade, podendo levar a quadros cl\u00ednicos que desenvolvam a doen\u00e7a, como o sobrepeso por exemplo.<\/p>\n\n\n\n<p class=\"has-ast-global-color-5-color has-text-color has-link-color wp-elements-06c5d694bc192a30685b0abe519c88fd\" style=\"font-size:0px\">.<\/p>\n\n\n\n<p class=\"has-ast-global-color-5-color has-text-color has-link-color wp-elements-7ec8b284414349c268625efcac91dc19\" style=\"font-size:0px\">Por\u00e9m<\/p>\n\n\n\n<p class=\"has-ast-global-color-5-color has-text-color has-link-color wp-elements-206c8c14e6b928eb5bbd1511b4d41b5d\" style=\"font-size:0px\">Mas<\/p>\n\n\n\n<h2 class=\"wp-block-heading\"><strong>Sintomas da dor cr\u00f4nica:<\/strong><\/h2>\n\n\n\n<p class=\"has-medium-font-size\">Os sintomas da dor cr\u00f4nica podem variar amplamente de pessoa para pessoa e dependem da causa identificada.&nbsp;<\/p>\n\n\n\n<p class=\"has-medium-font-size\">Por isso, \u00e9 essencial um diagn\u00f3stico preciso, com m\u00e9dicos especialistas no assunto para orientar no melhor tratamento.<\/p>\n\n\n\n<p class=\"has-medium-font-size\">O principal sinal de dor cr\u00f4nica, como j\u00e1 foi dito antes, \u00e9 aquela dor que persiste por mais de tr\u00eas meses e pode ser cont\u00ednua ou intermitente.&nbsp;<\/p>\n\n\n\n<figure class=\"wp-block-image size-large is-resized\"><img decoding=\"async\" width=\"1024\" height=\"683\" src=\"https:\/\/www.iluminiclinic.com.br\/blog\/wp-content\/uploads\/2024\/04\/blog-dor-cronica-compreendendo-causas-sintomas-e-tratamentos-o-que-e-dor-cronica-1024x683.jpg\" alt=\"mulher com dor de cabe\u00e7a\" class=\"wp-image-474\" style=\"width:528px;height:auto\" srcset=\"https:\/\/www.iluminiclinic.com.br\/blog\/wp-content\/uploads\/2024\/04\/blog-dor-cronica-compreendendo-causas-sintomas-e-tratamentos-o-que-e-dor-cronica-1024x683.jpg 1024w, https:\/\/www.iluminiclinic.com.br\/blog\/wp-content\/uploads\/2024\/04\/blog-dor-cronica-compreendendo-causas-sintomas-e-tratamentos-o-que-e-dor-cronica-300x200.jpg 300w, https:\/\/www.iluminiclinic.com.br\/blog\/wp-content\/uploads\/2024\/04\/blog-dor-cronica-compreendendo-causas-sintomas-e-tratamentos-o-que-e-dor-cronica-768x512.jpg 768w, https:\/\/www.iluminiclinic.com.br\/blog\/wp-content\/uploads\/2024\/04\/blog-dor-cronica-compreendendo-causas-sintomas-e-tratamentos-o-que-e-dor-cronica.jpg 1200w\" sizes=\"(max-width: 1024px) 100vw, 1024px\" \/><\/figure>\n\n\n\n<p class=\"has-medium-font-size\">Rem\u00e9dios e tratamentos convencionais j\u00e1 n\u00e3o fazem tanto efeito. Esse sinal pode ser acompanhado de sensibilidade ao toque, ou seja, as \u00e1reas afetadas pela dor podem ficar mais sens\u00edveis ao tocar ou pressionar.<\/p>\n\n\n\n<p class=\"has-medium-font-size\">Les\u00f5es por esportes ou acidentes podem provocar rigidez muscular, que \u00e9 outro sintoma da dor cr\u00f4nica, principalmente quando acompanhada de um grande tempo de inatividade.<\/p>\n\n\n\n<p class=\"has-medium-font-size\">Ansiedade, depress\u00e3o e outros sintomas psicossom\u00e1ticos s\u00e3o caracter\u00edsticas da dor cr\u00f4nica. S\u00e3o consequ\u00eancias ap\u00f3s per\u00edodos prolongados de dor, fadiga e incapacidade de realizar atividades do dia a dia.<\/p>\n\n\n\n<p class=\"has-medium-font-size\">Por\u00e9m como os sintomas s\u00e3o bem variados e sempre associados diretamente \u00e0 causa, \u00e9 importante manter total aten\u00e7\u00e3o em mudan\u00e7as no seu corpo e mente.<\/p>\n\n\n\n<p class=\"has-ast-global-color-5-color has-text-color has-link-color wp-elements-06c5d694bc192a30685b0abe519c88fd\" style=\"font-size:0px\">.<\/p>\n\n\n\n<p class=\"has-ast-global-color-5-color has-text-color has-link-color wp-elements-7c996747c38182ac8a01f086c3af6913\" style=\"font-size:0px\">Por isso<\/p>\n\n\n\n<p class=\"has-ast-global-color-5-color has-text-color has-link-color wp-elements-7c996747c38182ac8a01f086c3af6913\" style=\"font-size:0px\">Por isso<\/p>\n\n\n\n<h2 class=\"wp-block-heading\"><strong>Tratamentos efetivos para a dor cr\u00f4nica<\/strong><\/h2>\n\n\n\n<p class=\"has-medium-font-size\">Existem algumas possibilidades de tratamentos, desde os convencionais, at\u00e9 os hol\u00edsticos.&nbsp;<\/p>\n\n\n\n<p class=\"has-medium-font-size\">Por\u00e9m \u00e9 importante saber mais antes de decidir.<\/p>\n\n\n\n<p class=\"has-medium-font-size\">A defini\u00e7\u00e3o do melhor tratamento para sua condi\u00e7\u00e3o deve ser feita por um m\u00e9dico especialista, pois ele ir\u00e1 analisar n\u00e3o apenas os sintomas, mas tamb\u00e9m a causa prim\u00e1ria.<\/p>\n\n\n\n<p class=\"has-medium-font-size\">Dentre os principais tratamentos para dores cr\u00f4nicas, encontramos:<\/p>\n\n\n\n<p class=\"has-medium-font-size\">1. Medica\u00e7\u00e3o: Como analg\u00e9sicos, anti-inflamat\u00f3rios, antidepressivos, entre outros.<\/p>\n\n\n\n<p class=\"has-medium-font-size\">2. Terapias F\u00edsicas: Fisioterapia, quiropraxia, acupuntura e massagem terap\u00eautica.<\/p>\n\n\n\n<p class=\"has-medium-font-size\">3. Terapia comportamental: Acompanhamento com psic\u00f3logo ou outro profissional que controlar\u00e1 a ansiedade, depress\u00e3o e outras causas.<\/p>\n\n\n\n<p class=\"has-medium-font-size\">4. Estilo de vida saud\u00e1vel: Exerc\u00edcios, dietas balanceadas, sono regulado, entre outros.<br><br>5 . <a href=\"https:\/\/www.iluminiclinic.com.br\/procedimentos-minimamente-invasivos.php\">Tratamentos Minimamente Invasivos:<\/a> Bloqueio para o tratamento da dor. Pode ser usado tanto na preven\u00e7\u00e3o quanto no tratamento de dores cr\u00f4nicas. Seu intuito \u00e9 realizar uma medica\u00e7\u00e3o em um local espec\u00edfico, como nervo, m\u00fasculo, tend\u00e3o, subd\u00e9rmico, peridural e averiguar sua a\u00e7\u00e3o.<\/p>\n\n\n\n<figure class=\"wp-block-image size-large is-resized\"><img decoding=\"async\" width=\"1024\" height=\"683\" src=\"https:\/\/www.iluminiclinic.com.br\/blog\/wp-content\/uploads\/2024\/04\/blog-dor-cronica-compreendendo-causas-sintomas-e-tratamentos-dor-cronica-causas-2-1024x683.jpg\" alt=\"\" class=\"wp-image-429\" style=\"width:524px;height:auto\" srcset=\"https:\/\/www.iluminiclinic.com.br\/blog\/wp-content\/uploads\/2024\/04\/blog-dor-cronica-compreendendo-causas-sintomas-e-tratamentos-dor-cronica-causas-2-1024x683.jpg 1024w, https:\/\/www.iluminiclinic.com.br\/blog\/wp-content\/uploads\/2024\/04\/blog-dor-cronica-compreendendo-causas-sintomas-e-tratamentos-dor-cronica-causas-2-300x200.jpg 300w, https:\/\/www.iluminiclinic.com.br\/blog\/wp-content\/uploads\/2024\/04\/blog-dor-cronica-compreendendo-causas-sintomas-e-tratamentos-dor-cronica-causas-2-768x512.jpg 768w, https:\/\/www.iluminiclinic.com.br\/blog\/wp-content\/uploads\/2024\/04\/blog-dor-cronica-compreendendo-causas-sintomas-e-tratamentos-dor-cronica-causas-2.jpg 1200w\" sizes=\"(max-width: 1024px) 100vw, 1024px\" \/><\/figure>\n\n\n\n<p class=\"has-ast-global-color-5-color has-text-color has-link-color wp-elements-06c5d694bc192a30685b0abe519c88fd\" style=\"font-size:0px\">.<\/p>\n\n\n\n<p class=\"has-ast-global-color-5-color has-text-color has-link-color wp-elements-206c8c14e6b928eb5bbd1511b4d41b5d\" style=\"font-size:0px\">Mas<\/p>\n\n\n\n<p class=\"has-ast-global-color-5-color has-text-color has-link-color wp-elements-7f44d0bd40e181cd527333dfb329358d\" style=\"font-size:0px\">por isso <\/p>\n\n\n\n<h2 class=\"wp-block-heading\"><strong>Na Ilumini Clinic cuidamos da sua dor para voc\u00ea viver melhor!<\/strong><\/h2>\n\n\n\n<p class=\"has-medium-font-size\">O tratamento multifocal pode ser uma boa solu\u00e7\u00e3o. Mas o que \u00e9 isso?<\/p>\n\n\n\n<p class=\"has-medium-font-size\">Tratamento multifocal e multidisciplinar consiste em uma abordagem 360, onde os profissionais analisam suas queixas como um todo, analisando v\u00e1rias frentes para um diagn\u00f3stico mais r\u00e1pido e efetivo.<\/p>\n\n\n\n<p class=\"has-medium-font-size\">Aqui na Ilumini Clinic temos uma m\u00e9dica especialista na dor. A Dra. Alexandra Raffaini \u00e9 refer\u00eancia no tratamento da dor no Brasil, sendo reconhecida como uma das maiores m\u00e9dicas no assunto.<\/p>\n\n\n\n<p class=\"has-medium-font-size\">Tamb\u00e9m dispomos de uma equipe completa e estrutura impec\u00e1vel! Tudo para te ajudar a&nbsp; se livrar da dor cr\u00f4nica.<\/p>\n\n\n\n<p class=\"has-medium-font-size\">Venha nos conhecer e resgate a sua qualidade de vida!<\/p>\n\n\n\n<p class=\"has-pale-pink-color has-text-color has-link-color has-medium-font-size wp-elements-49e3a48c268b2ba0b0945c60371935cf\"><a href=\"https:\/\/api.whatsapp.com\/send?phone=551155559191&amp;text=%5BILCFI%5D%20Ol%C3%A1%20gostaria%20de%20saber%20mais%20sobre%20isso.\">Agende sua consulta aqui.<\/a><\/p>\n\n\n\n<p class=\"has-ast-global-color-5-color has-text-color has-link-color wp-elements-7f44d0bd40e181cd527333dfb329358d\" style=\"font-size:0px\">por isso <\/p>\n","protected":false},"excerpt":{"rendered":"<p>Sabe aquela dor que n\u00e3o passa e j\u00e1 est\u00e1 com voc\u00ea por semanas, meses ou at\u00e9 anos? Ela \u00e9 conhecida como dor cr\u00f4nica, justamente por sua const\u00e2ncia. Na correria do dia a dia, rotina, trabalho e afazeres, as dores acabam ficando em segundo plano. Ent\u00e3o, \u00e9 comum quando a dor n\u00e3o se mostra realmente forte ou preocupante, o paciente ir prorrogando uma consulta, exames e consequentemente o tratamento. A verdade \u00e9 que se normalizou entre o senso comum que viver com dor \u00e9 normal. Mas n\u00e3o \u00e9! Pelo contr\u00e1rio! A dor em uma determinada regi\u00e3o \u00e9 uma resposta do corpo ou um alerta que deve ser analisado e levado com seriedade. Mas quando n\u00e3o tratado pode agravar e at\u00e9 mesmo afetar a qualidade de vida. \u00c9 por isso que neste artigo vamos explicar sobre pontos importantes relacionados ao assunto como: &#8211; O que \u00e9 dor cr\u00f4nica? &#8211; Quais s\u00e3o as principais causas; &#8211; Sintomas; &#8211; Tratamentos efetivos para dor cr\u00f4nica; . Por\u00e9m O que \u00e9 dor cr\u00f4nica?&nbsp; A dor cr\u00f4nica \u00e9 uma condi\u00e7\u00e3o persistente e que afeta milh\u00f5es de pessoas em todo o mundo. Existem diversas poss\u00edveis causas para que elas surjam, al\u00e9m de poderem aparecer em sintomas variados. Ao contr\u00e1rio da dor aguda, que \u00e9 tempor\u00e1ria e geralmente resulta de les\u00f5es ou doen\u00e7as recentes, a dor cr\u00f4nica pode persistir por semanas, meses ou at\u00e9 anos. Mas vamos as causas principais que voc\u00ea precisa saber. . Contudo Quais s\u00e3o as principais causas da dor cr\u00f4nica? As causas podem variar e podem ser desencadeadas por uma variedade de fatores f\u00edsicos, emocionais e ambientais.&nbsp; Por isso, \u00e9 importante estar atento aos sintomas e fatores que podem interferir no quadro cl\u00ednico. Ent\u00e3o aqui est\u00e3o algumas das causas mais comuns da dor cr\u00f4nica: 1. Les\u00f5es Anteriores: Traumas f\u00edsicos, como acidentes de carro ou quedas, podem resultar em dor cr\u00f4nica, mesmo ap\u00f3s a cicatriza\u00e7\u00e3o. 2. Condi\u00e7\u00f5es M\u00e9dicas: Certas condi\u00e7\u00f5es m\u00e9dicas, como artrite, fibromialgia, s\u00edndrome do intestino irrit\u00e1vel est\u00e3o associadas \u00e0 dor cr\u00f4nica. 3. Mudan\u00e7as no Sistema Nervoso: Les\u00f5es nos nervos ou altera\u00e7\u00f5es no funcionamento do sistema nervoso central podem levar \u00e0 amplifica\u00e7\u00e3o da dor, resultando em sensa\u00e7\u00f5es de dor cr\u00f4nica. 4. Corpo e Mente: O estresse cr\u00f4nico, a ansiedade, a depress\u00e3o e outros fatores psicossociais podem contribuir para as dores cr\u00f4nicas. 5. Estilo de vida: O estilo de vida interfere diretamente no corpo. A falta de exerc\u00edcios f\u00edsicos, alongamento e uma m\u00e1 alimenta\u00e7\u00e3o s\u00e3o prejudiciais \u00e0 sa\u00fade, podendo levar a quadros cl\u00ednicos que desenvolvam a doen\u00e7a, como o sobrepeso por exemplo. . Por\u00e9m Mas Sintomas da dor cr\u00f4nica: Os sintomas da dor cr\u00f4nica podem variar amplamente de pessoa para pessoa e dependem da causa identificada.&nbsp; Por isso, \u00e9 essencial um diagn\u00f3stico preciso, com m\u00e9dicos especialistas no assunto para orientar no melhor tratamento. O principal sinal de dor cr\u00f4nica, como j\u00e1 foi dito antes, \u00e9 aquela dor que persiste por mais de tr\u00eas meses e pode ser cont\u00ednua ou intermitente.&nbsp; Rem\u00e9dios e tratamentos convencionais j\u00e1 n\u00e3o fazem tanto efeito. Esse sinal pode ser acompanhado de sensibilidade ao toque, ou seja, as \u00e1reas afetadas pela dor podem ficar mais sens\u00edveis ao tocar ou pressionar. Les\u00f5es por esportes ou acidentes podem provocar rigidez muscular, que \u00e9 outro sintoma da dor cr\u00f4nica, principalmente quando acompanhada de um grande tempo de inatividade. Ansiedade, depress\u00e3o e outros sintomas psicossom\u00e1ticos s\u00e3o caracter\u00edsticas da dor cr\u00f4nica. S\u00e3o consequ\u00eancias ap\u00f3s per\u00edodos prolongados de dor, fadiga e incapacidade de realizar atividades do dia a dia. Por\u00e9m como os sintomas s\u00e3o bem variados e sempre associados diretamente \u00e0 causa, \u00e9 importante manter total aten\u00e7\u00e3o em mudan\u00e7as no seu corpo e mente. . Por isso Por isso Tratamentos efetivos para a dor cr\u00f4nica Existem algumas possibilidades de tratamentos, desde os convencionais, at\u00e9 os hol\u00edsticos.&nbsp; Por\u00e9m \u00e9 importante saber mais antes de decidir. A defini\u00e7\u00e3o do melhor tratamento para sua condi\u00e7\u00e3o deve ser feita por um m\u00e9dico especialista, pois ele ir\u00e1 analisar n\u00e3o apenas os sintomas, mas tamb\u00e9m a causa prim\u00e1ria. Dentre os principais tratamentos para dores cr\u00f4nicas, encontramos: 1. Medica\u00e7\u00e3o: Como analg\u00e9sicos, anti-inflamat\u00f3rios, antidepressivos, entre outros. 2. Terapias F\u00edsicas: Fisioterapia, quiropraxia, acupuntura e massagem terap\u00eautica. 3. Terapia comportamental: Acompanhamento com psic\u00f3logo ou outro profissional que controlar\u00e1 a ansiedade, depress\u00e3o e outras causas. 4. Estilo de vida saud\u00e1vel: Exerc\u00edcios, dietas balanceadas, sono regulado, entre outros. 5 . Tratamentos Minimamente Invasivos: Bloqueio para o tratamento da dor. Pode ser usado tanto na preven\u00e7\u00e3o quanto no tratamento de dores cr\u00f4nicas. Seu intuito \u00e9 realizar uma medica\u00e7\u00e3o em um local espec\u00edfico, como nervo, m\u00fasculo, tend\u00e3o, subd\u00e9rmico, peridural e averiguar sua a\u00e7\u00e3o. . Mas por isso Na Ilumini Clinic cuidamos da sua dor para voc\u00ea viver melhor! O tratamento multifocal pode ser uma boa solu\u00e7\u00e3o. Mas o que \u00e9 isso? Tratamento multifocal e multidisciplinar consiste em uma abordagem 360, onde os profissionais analisam suas queixas como um todo, analisando v\u00e1rias frentes para um diagn\u00f3stico mais r\u00e1pido e efetivo. Aqui na Ilumini Clinic temos uma m\u00e9dica especialista na dor. A Dra. Alexandra Raffaini \u00e9 refer\u00eancia no tratamento da dor no Brasil, sendo reconhecida como uma das maiores m\u00e9dicas no assunto. Tamb\u00e9m dispomos de uma equipe completa e estrutura impec\u00e1vel! Tudo para te ajudar a&nbsp; se livrar da dor cr\u00f4nica. Venha nos conhecer e resgate a sua qualidade de vida! Agende sua consulta aqui. por isso<\/p>\n","protected":false},"author":1,"featured_media":424,"comment_status":"closed","ping_status":"closed","sticky":false,"template":"","format":"standard","meta":{"site-sidebar-layout":"default","site-content-layout":"","ast-site-content-layout":"default","site-content-style":"default","site-sidebar-style":"default","ast-global-header-display":"","ast-banner-title-visibility":"","ast-main-header-display":"","ast-hfb-above-header-display":"","ast-hfb-below-header-display":"","ast-hfb-mobile-header-display":"","site-post-title":"","ast-breadcrumbs-content":"","ast-featured-img":"","footer-sml-layout":"","ast-disable-related-posts":"","theme-transparent-header-meta":"","adv-header-id-meta":"","stick-header-meta":"","header-above-stick-meta":"","header-main-stick-meta":"","header-below-stick-meta":"","astra-migrate-meta-layouts":"set","ast-page-background-enabled":"default","ast-page-background-meta":{"desktop":{"background-color":"var(--ast-global-color-4)","background-image":"","background-repeat":"repeat","background-position":"center center","background-size":"auto","background-attachment":"scroll","background-type":"","background-media":"","overlay-type":"","overlay-color":"","overlay-opacity":"","overlay-gradient":""},"tablet":{"background-color":"","background-image":"","background-repeat":"repeat","background-position":"center center","background-size":"auto","background-attachment":"scroll","background-type":"","background-media":"","overlay-type":"","overlay-color":"","overlay-opacity":"","overlay-gradient":""},"mobile":{"background-color":"","background-image":"","background-repeat":"repeat","background-position":"center center","background-size":"auto","background-attachment":"scroll","background-type":"","background-media":"","overlay-type":"","overlay-color":"","overlay-opacity":"","overlay-gradient":""}},"ast-content-background-meta":{"desktop":{"background-color":"var(--ast-global-color-5)","background-image":"","background-repeat":"repeat","background-position":"center center","background-size":"auto","background-attachment":"scroll","background-type":"","background-media":"","overlay-type":"","overlay-color":"","overlay-opacity":"","overlay-gradient":""},"tablet":{"background-color":"var(--ast-global-color-5)","background-image":"","background-repeat":"repeat","background-position":"center center","background-size":"auto","background-attachment":"scroll","background-type":"","background-media":"","overlay-type":"","overlay-color":"","overlay-opacity":"","overlay-gradient":""},"mobile":{"background-color":"var(--ast-global-color-5)","background-image":"","background-repeat":"repeat","background-position":"center center","background-size":"auto","background-attachment":"scroll","background-type":"","background-media":"","overlay-type":"","overlay-color":"","overlay-opacity":"","overlay-gradient":""}},"footnotes":""},"categories":[54],"tags":[16,55,59,42,58,36],"class_list":["post-406","post","type-post","status-publish","format-standard","has-post-thumbnail","hentry","category-tratamento-da-dor","tag-clinica-multidisciplinar","tag-dor-cronica","tag-dores-cronicas","tag-saude-da-mulher","tag-tratamento-da-dor","tag-tratamentos-ilumini-clinic"],"yoast_head":"<!-- This site is optimized with the Yoast SEO plugin v27.5 - https:\/\/yoast.com\/product\/yoast-seo-wordpress\/ -->\n<title>Dor cr\u00f4nica: Compreendendo causas, sintomas e tratamentos - Ilumini Clinic<\/title>\n<meta name=\"description\" content=\"Descubra quais s\u00e3o os tratamentos mais efetivos para dor cr\u00f4nica, suas principais causas e conhe\u00e7a a m\u00e9dica refer\u00eancia no Brasil no assunto.\" \/>\n<meta name=\"robots\" content=\"index, follow, max-snippet:-1, max-image-preview:large, max-video-preview:-1\" \/>\n<link rel=\"canonical\" href=\"https:\/\/www.iluminiclinic.com.br\/blog\/compreendendo-a-dor-cronica-causas-sintomas-e-tratamentos\/\" \/>\n<meta property=\"og:locale\" content=\"pt_BR\" \/>\n<meta property=\"og:type\" content=\"article\" \/>\n<meta property=\"og:title\" content=\"Dor cr\u00f4nica: Compreendendo causas, sintomas e tratamentos - Ilumini Clinic\" \/>\n<meta property=\"og:description\" content=\"Descubra quais s\u00e3o os tratamentos mais efetivos para dor cr\u00f4nica, suas principais causas e conhe\u00e7a a m\u00e9dica refer\u00eancia no Brasil no assunto.\" \/>\n<meta property=\"og:url\" content=\"https:\/\/www.iluminiclinic.com.br\/blog\/compreendendo-a-dor-cronica-causas-sintomas-e-tratamentos\/\" \/>\n<meta property=\"og:site_name\" content=\"Ilumini Clinic\" \/>\n<meta property=\"article:published_time\" content=\"2024-04-20T01:55:50+00:00\" \/>\n<meta property=\"article:modified_time\" content=\"2024-05-02T12:42:17+00:00\" \/>\n<meta property=\"og:image\" content=\"https:\/\/www.iluminiclinic.com.br\/blog\/wp-content\/uploads\/2024\/04\/blog-dor-cronica-compreendendo-causas-sintomas-e-tratamentos-dor-cronica-tratamento-1.jpg\" \/>\n\t<meta property=\"og:image:width\" content=\"1200\" \/>\n\t<meta property=\"og:image:height\" content=\"800\" \/>\n\t<meta property=\"og:image:type\" content=\"image\/jpeg\" \/>\n<meta name=\"author\" content=\"Ilumini Clinic\" \/>\n<meta name=\"twitter:card\" content=\"summary_large_image\" \/>\n<meta name=\"twitter:label1\" content=\"Escrito por\" \/>\n\t<meta name=\"twitter:data1\" content=\"Ilumini Clinic\" \/>\n\t<meta name=\"twitter:label2\" content=\"Est. tempo de leitura\" \/>\n\t<meta name=\"twitter:data2\" content=\"6 minutos\" \/>\n<script type=\"application\/ld+json\" class=\"yoast-schema-graph\">{\"@context\":\"https:\\\/\\\/schema.org\",\"@graph\":[{\"@type\":\"Article\",\"@id\":\"https:\\\/\\\/www.iluminiclinic.com.br\\\/blog\\\/compreendendo-a-dor-cronica-causas-sintomas-e-tratamentos\\\/#article\",\"isPartOf\":{\"@id\":\"https:\\\/\\\/www.iluminiclinic.com.br\\\/blog\\\/compreendendo-a-dor-cronica-causas-sintomas-e-tratamentos\\\/\"},\"author\":{\"name\":\"Ilumini Clinic\",\"@id\":\"https:\\\/\\\/www.iluminiclinic.com.br\\\/blog\\\/#\\\/schema\\\/person\\\/6bd731de466a31b9ac26a020350a637e\"},\"headline\":\"Dor cr\u00f4nica: Compreendendo causas, sintomas e tratamentos\",\"datePublished\":\"2024-04-20T01:55:50+00:00\",\"dateModified\":\"2024-05-02T12:42:17+00:00\",\"mainEntityOfPage\":{\"@id\":\"https:\\\/\\\/www.iluminiclinic.com.br\\\/blog\\\/compreendendo-a-dor-cronica-causas-sintomas-e-tratamentos\\\/\"},\"wordCount\":968,\"publisher\":{\"@id\":\"https:\\\/\\\/www.iluminiclinic.com.br\\\/blog\\\/#organization\"},\"image\":{\"@id\":\"https:\\\/\\\/www.iluminiclinic.com.br\\\/blog\\\/compreendendo-a-dor-cronica-causas-sintomas-e-tratamentos\\\/#primaryimage\"},\"thumbnailUrl\":\"https:\\\/\\\/www.iluminiclinic.com.br\\\/blog\\\/wp-content\\\/uploads\\\/2024\\\/04\\\/blog-dor-cronica-compreendendo-causas-sintomas-e-tratamentos-dor-cronica-tratamento-1.jpg\",\"keywords\":[\"cl\u00ednica multidisciplinar\",\"dor cr\u00f4nica\",\"dores cr\u00f4nicas\",\"sa\u00fade da mulher\",\"tratamento da dor\",\"tratamentos ilumini clinic\"],\"articleSection\":[\"Tratamento da Dor\"],\"inLanguage\":\"pt-BR\"},{\"@type\":\"WebPage\",\"@id\":\"https:\\\/\\\/www.iluminiclinic.com.br\\\/blog\\\/compreendendo-a-dor-cronica-causas-sintomas-e-tratamentos\\\/\",\"url\":\"https:\\\/\\\/www.iluminiclinic.com.br\\\/blog\\\/compreendendo-a-dor-cronica-causas-sintomas-e-tratamentos\\\/\",\"name\":\"Dor cr\u00f4nica: Compreendendo causas, sintomas e tratamentos - Ilumini Clinic\",\"isPartOf\":{\"@id\":\"https:\\\/\\\/www.iluminiclinic.com.br\\\/blog\\\/#website\"},\"primaryImageOfPage\":{\"@id\":\"https:\\\/\\\/www.iluminiclinic.com.br\\\/blog\\\/compreendendo-a-dor-cronica-causas-sintomas-e-tratamentos\\\/#primaryimage\"},\"image\":{\"@id\":\"https:\\\/\\\/www.iluminiclinic.com.br\\\/blog\\\/compreendendo-a-dor-cronica-causas-sintomas-e-tratamentos\\\/#primaryimage\"},\"thumbnailUrl\":\"https:\\\/\\\/www.iluminiclinic.com.br\\\/blog\\\/wp-content\\\/uploads\\\/2024\\\/04\\\/blog-dor-cronica-compreendendo-causas-sintomas-e-tratamentos-dor-cronica-tratamento-1.jpg\",\"datePublished\":\"2024-04-20T01:55:50+00:00\",\"dateModified\":\"2024-05-02T12:42:17+00:00\",\"description\":\"Descubra quais s\u00e3o os tratamentos mais efetivos para dor cr\u00f4nica, suas principais causas e conhe\u00e7a a m\u00e9dica refer\u00eancia no Brasil no assunto.\",\"breadcrumb\":{\"@id\":\"https:\\\/\\\/www.iluminiclinic.com.br\\\/blog\\\/compreendendo-a-dor-cronica-causas-sintomas-e-tratamentos\\\/#breadcrumb\"},\"inLanguage\":\"pt-BR\",\"potentialAction\":[{\"@type\":\"ReadAction\",\"target\":[\"https:\\\/\\\/www.iluminiclinic.com.br\\\/blog\\\/compreendendo-a-dor-cronica-causas-sintomas-e-tratamentos\\\/\"]}]},{\"@type\":\"ImageObject\",\"inLanguage\":\"pt-BR\",\"@id\":\"https:\\\/\\\/www.iluminiclinic.com.br\\\/blog\\\/compreendendo-a-dor-cronica-causas-sintomas-e-tratamentos\\\/#primaryimage\",\"url\":\"https:\\\/\\\/www.iluminiclinic.com.br\\\/blog\\\/wp-content\\\/uploads\\\/2024\\\/04\\\/blog-dor-cronica-compreendendo-causas-sintomas-e-tratamentos-dor-cronica-tratamento-1.jpg\",\"contentUrl\":\"https:\\\/\\\/www.iluminiclinic.com.br\\\/blog\\\/wp-content\\\/uploads\\\/2024\\\/04\\\/blog-dor-cronica-compreendendo-causas-sintomas-e-tratamentos-dor-cronica-tratamento-1.jpg\",\"width\":1200,\"height\":800,\"caption\":\"tratsmento para dor cr\u00f4nica\"},{\"@type\":\"BreadcrumbList\",\"@id\":\"https:\\\/\\\/www.iluminiclinic.com.br\\\/blog\\\/compreendendo-a-dor-cronica-causas-sintomas-e-tratamentos\\\/#breadcrumb\",\"itemListElement\":[{\"@type\":\"ListItem\",\"position\":1,\"name\":\"In\u00edcio\",\"item\":\"https:\\\/\\\/www.iluminiclinic.com.br\\\/blog\\\/\"},{\"@type\":\"ListItem\",\"position\":2,\"name\":\"Dor cr\u00f4nica: Compreendendo causas, sintomas e tratamentos\"}]},{\"@type\":\"WebSite\",\"@id\":\"https:\\\/\\\/www.iluminiclinic.com.br\\\/blog\\\/#website\",\"url\":\"https:\\\/\\\/www.iluminiclinic.com.br\\\/blog\\\/\",\"name\":\"Ilumini Clinic\",\"description\":\"Tratamento da Dor, Ginecologia, Obstetr\u00edcia e Reprodu\u00e7\u00e3o Humana\",\"publisher\":{\"@id\":\"https:\\\/\\\/www.iluminiclinic.com.br\\\/blog\\\/#organization\"},\"potentialAction\":[{\"@type\":\"SearchAction\",\"target\":{\"@type\":\"EntryPoint\",\"urlTemplate\":\"https:\\\/\\\/www.iluminiclinic.com.br\\\/blog\\\/?s={search_term_string}\"},\"query-input\":{\"@type\":\"PropertyValueSpecification\",\"valueRequired\":true,\"valueName\":\"search_term_string\"}}],\"inLanguage\":\"pt-BR\"},{\"@type\":\"Organization\",\"@id\":\"https:\\\/\\\/www.iluminiclinic.com.br\\\/blog\\\/#organization\",\"name\":\"Ilumini Clinic\",\"url\":\"https:\\\/\\\/www.iluminiclinic.com.br\\\/blog\\\/\",\"logo\":{\"@type\":\"ImageObject\",\"inLanguage\":\"pt-BR\",\"@id\":\"https:\\\/\\\/www.iluminiclinic.com.br\\\/blog\\\/#\\\/schema\\\/logo\\\/image\\\/\",\"url\":\"https:\\\/\\\/www.iluminiclinic.com.br\\\/blog\\\/wp-content\\\/uploads\\\/2023\\\/01\\\/blog-logo-pure-white.png\",\"contentUrl\":\"https:\\\/\\\/www.iluminiclinic.com.br\\\/blog\\\/wp-content\\\/uploads\\\/2023\\\/01\\\/blog-logo-pure-white.png\",\"width\":500,\"height\":116,\"caption\":\"Ilumini Clinic\"},\"image\":{\"@id\":\"https:\\\/\\\/www.iluminiclinic.com.br\\\/blog\\\/#\\\/schema\\\/logo\\\/image\\\/\"},\"sameAs\":[\"https:\\\/\\\/www.instagram.com\\\/iluminiclinic\\\/\"]},{\"@type\":\"Person\",\"@id\":\"https:\\\/\\\/www.iluminiclinic.com.br\\\/blog\\\/#\\\/schema\\\/person\\\/6bd731de466a31b9ac26a020350a637e\",\"name\":\"Ilumini Clinic\",\"sameAs\":[\"https:\\\/\\\/www.iluminiclinic.com.br\\\/blog\"],\"url\":\"https:\\\/\\\/www.iluminiclinic.com.br\\\/blog\\\/author\\\/admin_wp_59\\\/\"}]}<\/script>\n<!-- \/ Yoast SEO plugin. -->","yoast_head_json":{"title":"Dor cr\u00f4nica: Compreendendo causas, sintomas e tratamentos - Ilumini Clinic","description":"Descubra quais s\u00e3o os tratamentos mais efetivos para dor cr\u00f4nica, suas principais causas e conhe\u00e7a a m\u00e9dica refer\u00eancia no Brasil no assunto.","robots":{"index":"index","follow":"follow","max-snippet":"max-snippet:-1","max-image-preview":"max-image-preview:large","max-video-preview":"max-video-preview:-1"},"canonical":"https:\/\/www.iluminiclinic.com.br\/blog\/compreendendo-a-dor-cronica-causas-sintomas-e-tratamentos\/","og_locale":"pt_BR","og_type":"article","og_title":"Dor cr\u00f4nica: Compreendendo causas, sintomas e tratamentos - Ilumini Clinic","og_description":"Descubra quais s\u00e3o os tratamentos mais efetivos para dor cr\u00f4nica, suas principais causas e conhe\u00e7a a m\u00e9dica refer\u00eancia no Brasil no assunto.","og_url":"https:\/\/www.iluminiclinic.com.br\/blog\/compreendendo-a-dor-cronica-causas-sintomas-e-tratamentos\/","og_site_name":"Ilumini Clinic","article_published_time":"2024-04-20T01:55:50+00:00","article_modified_time":"2024-05-02T12:42:17+00:00","og_image":[{"width":1200,"height":800,"url":"https:\/\/www.iluminiclinic.com.br\/blog\/wp-content\/uploads\/2024\/04\/blog-dor-cronica-compreendendo-causas-sintomas-e-tratamentos-dor-cronica-tratamento-1.jpg","type":"image\/jpeg"}],"author":"Ilumini Clinic","twitter_card":"summary_large_image","twitter_misc":{"Escrito por":"Ilumini Clinic","Est. tempo de leitura":"6 minutos"},"schema":{"@context":"https:\/\/schema.org","@graph":[{"@type":"Article","@id":"https:\/\/www.iluminiclinic.com.br\/blog\/compreendendo-a-dor-cronica-causas-sintomas-e-tratamentos\/#article","isPartOf":{"@id":"https:\/\/www.iluminiclinic.com.br\/blog\/compreendendo-a-dor-cronica-causas-sintomas-e-tratamentos\/"},"author":{"name":"Ilumini Clinic","@id":"https:\/\/www.iluminiclinic.com.br\/blog\/#\/schema\/person\/6bd731de466a31b9ac26a020350a637e"},"headline":"Dor cr\u00f4nica: Compreendendo causas, sintomas e tratamentos","datePublished":"2024-04-20T01:55:50+00:00","dateModified":"2024-05-02T12:42:17+00:00","mainEntityOfPage":{"@id":"https:\/\/www.iluminiclinic.com.br\/blog\/compreendendo-a-dor-cronica-causas-sintomas-e-tratamentos\/"},"wordCount":968,"publisher":{"@id":"https:\/\/www.iluminiclinic.com.br\/blog\/#organization"},"image":{"@id":"https:\/\/www.iluminiclinic.com.br\/blog\/compreendendo-a-dor-cronica-causas-sintomas-e-tratamentos\/#primaryimage"},"thumbnailUrl":"https:\/\/www.iluminiclinic.com.br\/blog\/wp-content\/uploads\/2024\/04\/blog-dor-cronica-compreendendo-causas-sintomas-e-tratamentos-dor-cronica-tratamento-1.jpg","keywords":["cl\u00ednica multidisciplinar","dor cr\u00f4nica","dores cr\u00f4nicas","sa\u00fade da mulher","tratamento da dor","tratamentos ilumini clinic"],"articleSection":["Tratamento da Dor"],"inLanguage":"pt-BR"},{"@type":"WebPage","@id":"https:\/\/www.iluminiclinic.com.br\/blog\/compreendendo-a-dor-cronica-causas-sintomas-e-tratamentos\/","url":"https:\/\/www.iluminiclinic.com.br\/blog\/compreendendo-a-dor-cronica-causas-sintomas-e-tratamentos\/","name":"Dor cr\u00f4nica: Compreendendo causas, sintomas e tratamentos - Ilumini Clinic","isPartOf":{"@id":"https:\/\/www.iluminiclinic.com.br\/blog\/#website"},"primaryImageOfPage":{"@id":"https:\/\/www.iluminiclinic.com.br\/blog\/compreendendo-a-dor-cronica-causas-sintomas-e-tratamentos\/#primaryimage"},"image":{"@id":"https:\/\/www.iluminiclinic.com.br\/blog\/compreendendo-a-dor-cronica-causas-sintomas-e-tratamentos\/#primaryimage"},"thumbnailUrl":"https:\/\/www.iluminiclinic.com.br\/blog\/wp-content\/uploads\/2024\/04\/blog-dor-cronica-compreendendo-causas-sintomas-e-tratamentos-dor-cronica-tratamento-1.jpg","datePublished":"2024-04-20T01:55:50+00:00","dateModified":"2024-05-02T12:42:17+00:00","description":"Descubra quais s\u00e3o os tratamentos mais efetivos para dor cr\u00f4nica, suas principais causas e conhe\u00e7a a m\u00e9dica refer\u00eancia no Brasil no assunto.","breadcrumb":{"@id":"https:\/\/www.iluminiclinic.com.br\/blog\/compreendendo-a-dor-cronica-causas-sintomas-e-tratamentos\/#breadcrumb"},"inLanguage":"pt-BR","potentialAction":[{"@type":"ReadAction","target":["https:\/\/www.iluminiclinic.com.br\/blog\/compreendendo-a-dor-cronica-causas-sintomas-e-tratamentos\/"]}]},{"@type":"ImageObject","inLanguage":"pt-BR","@id":"https:\/\/www.iluminiclinic.com.br\/blog\/compreendendo-a-dor-cronica-causas-sintomas-e-tratamentos\/#primaryimage","url":"https:\/\/www.iluminiclinic.com.br\/blog\/wp-content\/uploads\/2024\/04\/blog-dor-cronica-compreendendo-causas-sintomas-e-tratamentos-dor-cronica-tratamento-1.jpg","contentUrl":"https:\/\/www.iluminiclinic.com.br\/blog\/wp-content\/uploads\/2024\/04\/blog-dor-cronica-compreendendo-causas-sintomas-e-tratamentos-dor-cronica-tratamento-1.jpg","width":1200,"height":800,"caption":"tratsmento para dor cr\u00f4nica"},{"@type":"BreadcrumbList","@id":"https:\/\/www.iluminiclinic.com.br\/blog\/compreendendo-a-dor-cronica-causas-sintomas-e-tratamentos\/#breadcrumb","itemListElement":[{"@type":"ListItem","position":1,"name":"In\u00edcio","item":"https:\/\/www.iluminiclinic.com.br\/blog\/"},{"@type":"ListItem","position":2,"name":"Dor cr\u00f4nica: Compreendendo causas, sintomas e tratamentos"}]},{"@type":"WebSite","@id":"https:\/\/www.iluminiclinic.com.br\/blog\/#website","url":"https:\/\/www.iluminiclinic.com.br\/blog\/","name":"Ilumini Clinic","description":"Tratamento da Dor, Ginecologia, Obstetr\u00edcia e Reprodu\u00e7\u00e3o Humana","publisher":{"@id":"https:\/\/www.iluminiclinic.com.br\/blog\/#organization"},"potentialAction":[{"@type":"SearchAction","target":{"@type":"EntryPoint","urlTemplate":"https:\/\/www.iluminiclinic.com.br\/blog\/?s={search_term_string}"},"query-input":{"@type":"PropertyValueSpecification","valueRequired":true,"valueName":"search_term_string"}}],"inLanguage":"pt-BR"},{"@type":"Organization","@id":"https:\/\/www.iluminiclinic.com.br\/blog\/#organization","name":"Ilumini Clinic","url":"https:\/\/www.iluminiclinic.com.br\/blog\/","logo":{"@type":"ImageObject","inLanguage":"pt-BR","@id":"https:\/\/www.iluminiclinic.com.br\/blog\/#\/schema\/logo\/image\/","url":"https:\/\/www.iluminiclinic.com.br\/blog\/wp-content\/uploads\/2023\/01\/blog-logo-pure-white.png","contentUrl":"https:\/\/www.iluminiclinic.com.br\/blog\/wp-content\/uploads\/2023\/01\/blog-logo-pure-white.png","width":500,"height":116,"caption":"Ilumini Clinic"},"image":{"@id":"https:\/\/www.iluminiclinic.com.br\/blog\/#\/schema\/logo\/image\/"},"sameAs":["https:\/\/www.instagram.com\/iluminiclinic\/"]},{"@type":"Person","@id":"https:\/\/www.iluminiclinic.com.br\/blog\/#\/schema\/person\/6bd731de466a31b9ac26a020350a637e","name":"Ilumini Clinic","sameAs":["https:\/\/www.iluminiclinic.com.br\/blog"],"url":"https:\/\/www.iluminiclinic.com.br\/blog\/author\/admin_wp_59\/"}]}},"_links":{"self":[{"href":"https:\/\/www.iluminiclinic.com.br\/blog\/wp-json\/wp\/v2\/posts\/406","targetHints":{"allow":["GET"]}}],"collection":[{"href":"https:\/\/www.iluminiclinic.com.br\/blog\/wp-json\/wp\/v2\/posts"}],"about":[{"href":"https:\/\/www.iluminiclinic.com.br\/blog\/wp-json\/wp\/v2\/types\/post"}],"author":[{"embeddable":true,"href":"https:\/\/www.iluminiclinic.com.br\/blog\/wp-json\/wp\/v2\/users\/1"}],"replies":[{"embeddable":true,"href":"https:\/\/www.iluminiclinic.com.br\/blog\/wp-json\/wp\/v2\/comments?post=406"}],"version-history":[{"count":7,"href":"https:\/\/www.iluminiclinic.com.br\/blog\/wp-json\/wp\/v2\/posts\/406\/revisions"}],"predecessor-version":[{"id":497,"href":"https:\/\/www.iluminiclinic.com.br\/blog\/wp-json\/wp\/v2\/posts\/406\/revisions\/497"}],"wp:featuredmedia":[{"embeddable":true,"href":"https:\/\/www.iluminiclinic.com.br\/blog\/wp-json\/wp\/v2\/media\/424"}],"wp:attachment":[{"href":"https:\/\/www.iluminiclinic.com.br\/blog\/wp-json\/wp\/v2\/media?parent=406"}],"wp:term":[{"taxonomy":"category","embeddable":true,"href":"https:\/\/www.iluminiclinic.com.br\/blog\/wp-json\/wp\/v2\/categories?post=406"},{"taxonomy":"post_tag","embeddable":true,"href":"https:\/\/www.iluminiclinic.com.br\/blog\/wp-json\/wp\/v2\/tags?post=406"}],"curies":[{"name":"wp","href":"https:\/\/api.w.org\/{rel}","templated":true}]}}