{"id":465,"date":"2024-04-28T23:48:30","date_gmt":"2024-04-29T02:48:30","guid":{"rendered":"https:\/\/www.iluminiclinic.com.br\/blog\/?p=465"},"modified":"2024-05-07T10:23:53","modified_gmt":"2024-05-07T13:23:53","slug":"qual-e-o-grau-de-impacto-na-qualidade-de-vida-do-paciente-com-dor-cronica","status":"publish","type":"post","link":"https:\/\/www.iluminiclinic.com.br\/blog\/qual-e-o-grau-de-impacto-na-qualidade-de-vida-do-paciente-com-dor-cronica\/","title":{"rendered":"Qual \u00e9 o grau de impacto na qualidade de vida do paciente com dor Cr\u00f4nica"},"content":{"rendered":"\n<p>A dor cr\u00f4nica \u00e9 uma das principais causas de incapacidade e diminui\u00e7\u00e3o da qualidade de vida em todo o mundo. Estima-se que mais de 1,5 bilh\u00e3o de pessoas em todo o mundo vivem com dor cr\u00f4nica.<\/p>\n\n\n\n<p>\u00c9 considerada uma condi\u00e7\u00e3o complexa que requer avalia\u00e7\u00e3o e tratamento individualizado, com m\u00e9dicos especializados no tratamento da dor.<\/p>\n\n\n\n<p>Sua principal caracter\u00edstica \u00e9 a persist\u00eancia por um per\u00edodo prolongado de tempo, tendo como m\u00e9dia de 3 a 6 meses.<\/p>\n\n\n\n<p>O impacto na qualidade de vida do paciente ir\u00e1 variar de acordo com a gravidade da \u00e1rea lesionada.<\/p>\n\n\n\n<p>Diante da import\u00e2ncia do tema que acomete tantas pessoas no mundo, ao longo da leitura vamos abordar como esse impacto pode variar em diferentes graus a qualidade de vida e quais s\u00e3o os tratamentos recomendados nestes casos.<\/p>\n\n\n\n<p class=\"has-ast-global-color-5-color has-text-color has-link-color wp-elements-b2945611cbd2a9a7f44fc8f28077b385\">.<\/p>\n\n\n\n<h2 class=\"wp-block-heading\"><strong>Dor cr\u00f4nica: o que \u00e9?<\/strong><\/h2>\n\n\n\n<p>A dor cr\u00f4nica \u00e9 uma dor persistente que continua por semanas, meses ou mesmo anos. \u00c9 diferente da dor aguda, que \u00e9 uma sensa\u00e7\u00e3o tempor\u00e1ria que geralmente indica les\u00e3o ou doen\u00e7a recente.<\/p>\n\n\n\n<p>As mais comuns s\u00e3o dor cr\u00f4nica na lombar, dor cr\u00f4nica na coluna\u00a0 e dor cr\u00f4nica no joelho.<\/p>\n\n\n\n<p class=\"has-ast-global-color-5-color has-text-color has-link-color wp-elements-b2945611cbd2a9a7f44fc8f28077b385\">.<\/p>\n\n\n\n<h2 class=\"wp-block-heading\"><strong>Como a dor cr\u00f4nica impacta na qualidade de vida?<\/strong><\/h2>\n\n\n\n<p>A dor cr\u00f4nica pode ter um impacto significativo na qualidade de vida das pessoas, afetando diversos aspectos f\u00edsicos, emocionais, sociais e psicol\u00f3gicos. Aqui est\u00e3o algumas maneiras pelas quais a dor cr\u00f4nica pode impactar a qualidade de vida.<\/p>\n\n\n\n<ol class=\"wp-block-list\">\n<li>Limita\u00e7\u00f5es di\u00e1rias<\/li>\n<\/ol>\n\n\n\n<p>Dificuldade em Realizar Tarefas F\u00edsicas: A dor cr\u00f4nica pode dificultar atividades b\u00e1sicas do dia a dia, como caminhar, subir escadas, levantar objetos ou se vestir<\/p>\n\n\n\n<p>Restri\u00e7\u00f5es nas Atividades Recreativas: Muitas vezes, pessoas com dor cr\u00f4nica precisam evitar ou limitar atividades recreativas e exerc\u00edcios f\u00edsicos, o que pode reduzir sua qualidade de vida e bem-estar<\/p>\n\n\n\n<ol class=\"wp-block-list\" start=\"2\">\n<li>Dist\u00farbios do sono e fadiga<\/li>\n<\/ol>\n\n\n\n<p>Ins\u00f4nia e Despertares Noturnos: A dor cr\u00f4nica pode interferir no sono, levando a problemas como ins\u00f4nia, dificuldade em adormecer ou despertares frequentes durante a noite<\/p>\n\n\n\n<p>Fadiga Persistente: A falta de sono de qualidade devido \u00e0 dor cr\u00f4nica pode resultar em fadiga cr\u00f4nica e diminui\u00e7\u00e3o dos n\u00edveis de energia durante o dia.<\/p>\n\n\n\n<ol class=\"wp-block-list\" start=\"3\">\n<li>Impacto emocional e psicol\u00f3gico<\/li>\n<\/ol>\n\n\n\n<p>Estresse, Ansiedade e Depress\u00e3o: A conviv\u00eancia constante com a dor cr\u00f4nica pode levar a altos n\u00edveis de estresse, ansiedade e depress\u00e3o. A preocupa\u00e7\u00e3o constante com a dor e a perda da qualidade de vida podem afetar negativamente o estado emocional.<\/p>\n\n\n\n<p>Baixa Autoestima e Sentimentos de Inutilidade: A incapacidade de realizar atividades antes apreciadas e a depend\u00eancia de outras pessoas podem levar a sentimentos de baixa autoestima e inutilidade.<\/p>\n\n\n\n<ol class=\"wp-block-list\" start=\"4\">\n<li>Impacto social<\/li>\n<\/ol>\n\n\n\n<p>Isolamento Social: Pessoas com dor cr\u00f4nica podem se sentir isoladas de amigos e familiares devido \u00e0 dificuldade em participar de eventos sociais ou atividades.<\/p>\n\n\n\n<p>Impacto nos Relacionamentos: A dor cr\u00f4nica pode afetar os relacionamentos \u00edntimos e familiares, causando estresse adicional nos cuidadores e parceiros.<\/p>\n\n\n\n<ol class=\"wp-block-list\" start=\"5\">\n<li>Preju\u00edzo na qualidade de vida global<\/li>\n<\/ol>\n\n\n\n<p>Des\u00e2nimo e Desesperan\u00e7a: A dor cr\u00f4nica pode levar a sentimentos de desesperan\u00e7a em rela\u00e7\u00e3o ao futuro e des\u00e2nimo em rela\u00e7\u00e3o \u00e0s possibilidades de tratamento e recupera\u00e7\u00e3o<\/p>\n\n\n\n<p>Diminui\u00e7\u00e3o da Qualidade de Vida Geral: Em \u00faltima an\u00e1lise, a dor cr\u00f4nica pode resultar em uma diminui\u00e7\u00e3o geral da qualidade de vida, com impacto negativo nos aspectos f\u00edsicos, emocionais e sociais do bem-estar.<\/p>\n\n\n\n<p class=\"has-ast-global-color-5-color has-text-color has-link-color wp-elements-b2945611cbd2a9a7f44fc8f28077b385\">.<\/p>\n\n\n\n<h2 class=\"wp-block-heading\"><strong>Na Ilumini Clinic cuidar de voc\u00ea \u00e9 a nossa maior especialidade!<\/strong><\/h2>\n\n\n\n<p>Se voc\u00ea est\u00e1 sofrendo com dor cr\u00f4nica e busca o melhor tratamento, a Ilumini Clinic \u00e9 o melhor lugar para cuidar da sua sa\u00fade.<\/p>\n\n\n\n<p>Com uma equipe de m\u00e9dicos renomados, disponibilizamos um tratamento multidisciplinar com foco no seu bem-estar.<\/p>\n\n\n\n<p>Al\u00e9m disso, nossa m\u00e9dica especialista Dra. Alexandra Raffaini, refer\u00eancia no Brasil em tratamento da dor, vai te acompanhar de perto.<\/p>\n\n\n\n<p>Como ela costuma dizer aos nossos pacientes &#8220;viver com dor n\u00e3o \u00e9 normal&#8221;!<\/p>\n\n\n\n<p>Agende uma consulta e volte a viver uma vida sem dor.<\/p>\n\n\n\n<p class=\"has-pale-pink-color has-text-color has-link-color wp-elements-db9cc65a99f05eb3ad3635f4c67c19d3\"><a href=\"https:\/\/api.whatsapp.com\/send?phone=551155559191&amp;text=Ol%C3%A1%2C+deixe+sua+mensagem%21\"><strong>Agende aqui<\/strong><\/a><\/p>\n","protected":false},"excerpt":{"rendered":"<p>A dor cr\u00f4nica \u00e9 uma das principais causas de incapacidade e diminui\u00e7\u00e3o da qualidade de vida em todo o mundo. Estima-se que mais de 1,5 bilh\u00e3o de pessoas em todo o mundo vivem com dor cr\u00f4nica. \u00c9 considerada uma condi\u00e7\u00e3o complexa que requer avalia\u00e7\u00e3o e tratamento individualizado, com m\u00e9dicos especializados no tratamento da dor. Sua principal caracter\u00edstica \u00e9 a persist\u00eancia por um per\u00edodo prolongado de tempo, tendo como m\u00e9dia de 3 a 6 meses. O impacto na qualidade de vida do paciente ir\u00e1 variar de acordo com a gravidade da \u00e1rea lesionada. Diante da import\u00e2ncia do tema que acomete tantas pessoas no mundo, ao longo da leitura vamos abordar como esse impacto pode variar em diferentes graus a qualidade de vida e quais s\u00e3o os tratamentos recomendados nestes casos. . Dor cr\u00f4nica: o que \u00e9? A dor cr\u00f4nica \u00e9 uma dor persistente que continua por semanas, meses ou mesmo anos. \u00c9 diferente da dor aguda, que \u00e9 uma sensa\u00e7\u00e3o tempor\u00e1ria que geralmente indica les\u00e3o ou doen\u00e7a recente. As mais comuns s\u00e3o dor cr\u00f4nica na lombar, dor cr\u00f4nica na coluna\u00a0 e dor cr\u00f4nica no joelho. . Como a dor cr\u00f4nica impacta na qualidade de vida? A dor cr\u00f4nica pode ter um impacto significativo na qualidade de vida das pessoas, afetando diversos aspectos f\u00edsicos, emocionais, sociais e psicol\u00f3gicos. Aqui est\u00e3o algumas maneiras pelas quais a dor cr\u00f4nica pode impactar a qualidade de vida. Dificuldade em Realizar Tarefas F\u00edsicas: A dor cr\u00f4nica pode dificultar atividades b\u00e1sicas do dia a dia, como caminhar, subir escadas, levantar objetos ou se vestir Restri\u00e7\u00f5es nas Atividades Recreativas: Muitas vezes, pessoas com dor cr\u00f4nica precisam evitar ou limitar atividades recreativas e exerc\u00edcios f\u00edsicos, o que pode reduzir sua qualidade de vida e bem-estar Ins\u00f4nia e Despertares Noturnos: A dor cr\u00f4nica pode interferir no sono, levando a problemas como ins\u00f4nia, dificuldade em adormecer ou despertares frequentes durante a noite Fadiga Persistente: A falta de sono de qualidade devido \u00e0 dor cr\u00f4nica pode resultar em fadiga cr\u00f4nica e diminui\u00e7\u00e3o dos n\u00edveis de energia durante o dia. Estresse, Ansiedade e Depress\u00e3o: A conviv\u00eancia constante com a dor cr\u00f4nica pode levar a altos n\u00edveis de estresse, ansiedade e depress\u00e3o. A preocupa\u00e7\u00e3o constante com a dor e a perda da qualidade de vida podem afetar negativamente o estado emocional. Baixa Autoestima e Sentimentos de Inutilidade: A incapacidade de realizar atividades antes apreciadas e a depend\u00eancia de outras pessoas podem levar a sentimentos de baixa autoestima e inutilidade. Isolamento Social: Pessoas com dor cr\u00f4nica podem se sentir isoladas de amigos e familiares devido \u00e0 dificuldade em participar de eventos sociais ou atividades. Impacto nos Relacionamentos: A dor cr\u00f4nica pode afetar os relacionamentos \u00edntimos e familiares, causando estresse adicional nos cuidadores e parceiros. Des\u00e2nimo e Desesperan\u00e7a: A dor cr\u00f4nica pode levar a sentimentos de desesperan\u00e7a em rela\u00e7\u00e3o ao futuro e des\u00e2nimo em rela\u00e7\u00e3o \u00e0s possibilidades de tratamento e recupera\u00e7\u00e3o Diminui\u00e7\u00e3o da Qualidade de Vida Geral: Em \u00faltima an\u00e1lise, a dor cr\u00f4nica pode resultar em uma diminui\u00e7\u00e3o geral da qualidade de vida, com impacto negativo nos aspectos f\u00edsicos, emocionais e sociais do bem-estar. . Na Ilumini Clinic cuidar de voc\u00ea \u00e9 a nossa maior especialidade! Se voc\u00ea est\u00e1 sofrendo com dor cr\u00f4nica e busca o melhor tratamento, a Ilumini Clinic \u00e9 o melhor lugar para cuidar da sua sa\u00fade. Com uma equipe de m\u00e9dicos renomados, disponibilizamos um tratamento multidisciplinar com foco no seu bem-estar. Al\u00e9m disso, nossa m\u00e9dica especialista Dra. Alexandra Raffaini, refer\u00eancia no Brasil em tratamento da dor, vai te acompanhar de perto. Como ela costuma dizer aos nossos pacientes &#8220;viver com dor n\u00e3o \u00e9 normal&#8221;! Agende uma consulta e volte a viver uma vida sem dor. Agende aqui<\/p>\n","protected":false},"author":1,"featured_media":466,"comment_status":"closed","ping_status":"closed","sticky":false,"template":"","format":"standard","meta":{"site-sidebar-layout":"default","site-content-layout":"","ast-site-content-layout":"default","site-content-style":"default","site-sidebar-style":"default","ast-global-header-display":"","ast-banner-title-visibility":"","ast-main-header-display":"","ast-hfb-above-header-display":"","ast-hfb-below-header-display":"","ast-hfb-mobile-header-display":"","site-post-title":"","ast-breadcrumbs-content":"","ast-featured-img":"","footer-sml-layout":"","ast-disable-related-posts":"","theme-transparent-header-meta":"","adv-header-id-meta":"","stick-header-meta":"","header-above-stick-meta":"","header-main-stick-meta":"","header-below-stick-meta":"","astra-migrate-meta-layouts":"set","ast-page-background-enabled":"default","ast-page-background-meta":{"desktop":{"background-color":"var(--ast-global-color-4)","background-image":"","background-repeat":"repeat","background-position":"center center","background-size":"auto","background-attachment":"scroll","background-type":"","background-media":"","overlay-type":"","overlay-color":"","overlay-opacity":"","overlay-gradient":""},"tablet":{"background-color":"","background-image":"","background-repeat":"repeat","background-position":"center center","background-size":"auto","background-attachment":"scroll","background-type":"","background-media":"","overlay-type":"","overlay-color":"","overlay-opacity":"","overlay-gradient":""},"mobile":{"background-color":"","background-image":"","background-repeat":"repeat","background-position":"center center","background-size":"auto","background-attachment":"scroll","background-type":"","background-media":"","overlay-type":"","overlay-color":"","overlay-opacity":"","overlay-gradient":""}},"ast-content-background-meta":{"desktop":{"background-color":"var(--ast-global-color-5)","background-image":"","background-repeat":"repeat","background-position":"center center","background-size":"auto","background-attachment":"scroll","background-type":"","background-media":"","overlay-type":"","overlay-color":"","overlay-opacity":"","overlay-gradient":""},"tablet":{"background-color":"var(--ast-global-color-5)","background-image":"","background-repeat":"repeat","background-position":"center center","background-size":"auto","background-attachment":"scroll","background-type":"","background-media":"","overlay-type":"","overlay-color":"","overlay-opacity":"","overlay-gradient":""},"mobile":{"background-color":"var(--ast-global-color-5)","background-image":"","background-repeat":"repeat","background-position":"center center","background-size":"auto","background-attachment":"scroll","background-type":"","background-media":"","overlay-type":"","overlay-color":"","overlay-opacity":"","overlay-gradient":""}},"footnotes":""},"categories":[54],"tags":[16,55,13,17,15,58],"class_list":["post-465","post","type-post","status-publish","format-standard","has-post-thumbnail","hentry","category-tratamento-da-dor","tag-clinica-multidisciplinar","tag-dor-cronica","tag-ilimini-clinic","tag-medicina-de-precisao","tag-medicina-integrativa","tag-tratamento-da-dor"],"yoast_head":"<!-- This site is optimized with the Yoast SEO plugin v27.5 - https:\/\/yoast.com\/product\/yoast-seo-wordpress\/ -->\n<title>Qual \u00e9 o grau de impacto na qualidade de vida do paciente com dor Cr\u00f4nica - Ilumini Clinic<\/title>\n<meta name=\"description\" content=\"Confira como a dor cr\u00f4nica pode afetar a qualidade de vida de pacientes levando ao agravamento da sa\u00fade quando n\u00e3o tratada com seriedade.\" \/>\n<meta name=\"robots\" content=\"index, follow, max-snippet:-1, max-image-preview:large, max-video-preview:-1\" \/>\n<link rel=\"canonical\" href=\"https:\/\/www.iluminiclinic.com.br\/blog\/qual-e-o-grau-de-impacto-na-qualidade-de-vida-do-paciente-com-dor-cronica\/\" \/>\n<meta property=\"og:locale\" content=\"pt_BR\" \/>\n<meta property=\"og:type\" content=\"article\" \/>\n<meta property=\"og:title\" content=\"Qual \u00e9 o grau de impacto na qualidade de vida do paciente com dor Cr\u00f4nica - Ilumini Clinic\" \/>\n<meta property=\"og:description\" content=\"Confira como a dor cr\u00f4nica pode afetar a qualidade de vida de pacientes levando ao agravamento da sa\u00fade quando n\u00e3o tratada com seriedade.\" \/>\n<meta property=\"og:url\" content=\"https:\/\/www.iluminiclinic.com.br\/blog\/qual-e-o-grau-de-impacto-na-qualidade-de-vida-do-paciente-com-dor-cronica\/\" \/>\n<meta property=\"og:site_name\" content=\"Ilumini Clinic\" \/>\n<meta property=\"article:published_time\" content=\"2024-04-29T02:48:30+00:00\" \/>\n<meta property=\"article:modified_time\" content=\"2024-05-07T13:23:53+00:00\" \/>\n<meta property=\"og:image\" content=\"https:\/\/www.iluminiclinic.com.br\/blog\/wp-content\/uploads\/2024\/04\/blog-qual-e-o-grau-de-impacto-na-qualidade-de-vida-do-paciente-com-dor-cronica-young-sport-woman-suffered-from-knee-pain-injury-while-running-city.jpg\" \/>\n\t<meta property=\"og:image:width\" content=\"1200\" \/>\n\t<meta property=\"og:image:height\" content=\"800\" \/>\n\t<meta property=\"og:image:type\" content=\"image\/jpeg\" \/>\n<meta name=\"author\" content=\"Ilumini Clinic\" \/>\n<meta name=\"twitter:card\" content=\"summary_large_image\" \/>\n<meta name=\"twitter:label1\" content=\"Escrito por\" \/>\n\t<meta name=\"twitter:data1\" content=\"Ilumini Clinic\" \/>\n\t<meta name=\"twitter:label2\" content=\"Est. tempo de leitura\" \/>\n\t<meta name=\"twitter:data2\" content=\"4 minutos\" \/>\n<script type=\"application\/ld+json\" class=\"yoast-schema-graph\">{\"@context\":\"https:\\\/\\\/schema.org\",\"@graph\":[{\"@type\":\"Article\",\"@id\":\"https:\\\/\\\/www.iluminiclinic.com.br\\\/blog\\\/qual-e-o-grau-de-impacto-na-qualidade-de-vida-do-paciente-com-dor-cronica\\\/#article\",\"isPartOf\":{\"@id\":\"https:\\\/\\\/www.iluminiclinic.com.br\\\/blog\\\/qual-e-o-grau-de-impacto-na-qualidade-de-vida-do-paciente-com-dor-cronica\\\/\"},\"author\":{\"name\":\"Ilumini Clinic\",\"@id\":\"https:\\\/\\\/www.iluminiclinic.com.br\\\/blog\\\/#\\\/schema\\\/person\\\/6bd731de466a31b9ac26a020350a637e\"},\"headline\":\"Qual \u00e9 o grau de impacto na qualidade de vida do paciente com dor Cr\u00f4nica\",\"datePublished\":\"2024-04-29T02:48:30+00:00\",\"dateModified\":\"2024-05-07T13:23:53+00:00\",\"mainEntityOfPage\":{\"@id\":\"https:\\\/\\\/www.iluminiclinic.com.br\\\/blog\\\/qual-e-o-grau-de-impacto-na-qualidade-de-vida-do-paciente-com-dor-cronica\\\/\"},\"wordCount\":697,\"publisher\":{\"@id\":\"https:\\\/\\\/www.iluminiclinic.com.br\\\/blog\\\/#organization\"},\"image\":{\"@id\":\"https:\\\/\\\/www.iluminiclinic.com.br\\\/blog\\\/qual-e-o-grau-de-impacto-na-qualidade-de-vida-do-paciente-com-dor-cronica\\\/#primaryimage\"},\"thumbnailUrl\":\"https:\\\/\\\/www.iluminiclinic.com.br\\\/blog\\\/wp-content\\\/uploads\\\/2024\\\/04\\\/blog-qual-e-o-grau-de-impacto-na-qualidade-de-vida-do-paciente-com-dor-cronica-young-sport-woman-suffered-from-knee-pain-injury-while-running-city.jpg\",\"keywords\":[\"cl\u00ednica multidisciplinar\",\"dor cr\u00f4nica\",\"Ilimini Clinic\",\"Medicina de Precis\u00e3o\",\"Medicina Integrativa\",\"tratamento da dor\"],\"articleSection\":[\"Tratamento da Dor\"],\"inLanguage\":\"pt-BR\"},{\"@type\":\"WebPage\",\"@id\":\"https:\\\/\\\/www.iluminiclinic.com.br\\\/blog\\\/qual-e-o-grau-de-impacto-na-qualidade-de-vida-do-paciente-com-dor-cronica\\\/\",\"url\":\"https:\\\/\\\/www.iluminiclinic.com.br\\\/blog\\\/qual-e-o-grau-de-impacto-na-qualidade-de-vida-do-paciente-com-dor-cronica\\\/\",\"name\":\"Qual \u00e9 o grau de impacto na qualidade de vida do paciente com dor Cr\u00f4nica - Ilumini Clinic\",\"isPartOf\":{\"@id\":\"https:\\\/\\\/www.iluminiclinic.com.br\\\/blog\\\/#website\"},\"primaryImageOfPage\":{\"@id\":\"https:\\\/\\\/www.iluminiclinic.com.br\\\/blog\\\/qual-e-o-grau-de-impacto-na-qualidade-de-vida-do-paciente-com-dor-cronica\\\/#primaryimage\"},\"image\":{\"@id\":\"https:\\\/\\\/www.iluminiclinic.com.br\\\/blog\\\/qual-e-o-grau-de-impacto-na-qualidade-de-vida-do-paciente-com-dor-cronica\\\/#primaryimage\"},\"thumbnailUrl\":\"https:\\\/\\\/www.iluminiclinic.com.br\\\/blog\\\/wp-content\\\/uploads\\\/2024\\\/04\\\/blog-qual-e-o-grau-de-impacto-na-qualidade-de-vida-do-paciente-com-dor-cronica-young-sport-woman-suffered-from-knee-pain-injury-while-running-city.jpg\",\"datePublished\":\"2024-04-29T02:48:30+00:00\",\"dateModified\":\"2024-05-07T13:23:53+00:00\",\"description\":\"Confira como a dor cr\u00f4nica pode afetar a qualidade de vida de pacientes levando ao agravamento da sa\u00fade quando n\u00e3o tratada com seriedade.\",\"breadcrumb\":{\"@id\":\"https:\\\/\\\/www.iluminiclinic.com.br\\\/blog\\\/qual-e-o-grau-de-impacto-na-qualidade-de-vida-do-paciente-com-dor-cronica\\\/#breadcrumb\"},\"inLanguage\":\"pt-BR\",\"potentialAction\":[{\"@type\":\"ReadAction\",\"target\":[\"https:\\\/\\\/www.iluminiclinic.com.br\\\/blog\\\/qual-e-o-grau-de-impacto-na-qualidade-de-vida-do-paciente-com-dor-cronica\\\/\"]}]},{\"@type\":\"ImageObject\",\"inLanguage\":\"pt-BR\",\"@id\":\"https:\\\/\\\/www.iluminiclinic.com.br\\\/blog\\\/qual-e-o-grau-de-impacto-na-qualidade-de-vida-do-paciente-com-dor-cronica\\\/#primaryimage\",\"url\":\"https:\\\/\\\/www.iluminiclinic.com.br\\\/blog\\\/wp-content\\\/uploads\\\/2024\\\/04\\\/blog-qual-e-o-grau-de-impacto-na-qualidade-de-vida-do-paciente-com-dor-cronica-young-sport-woman-suffered-from-knee-pain-injury-while-running-city.jpg\",\"contentUrl\":\"https:\\\/\\\/www.iluminiclinic.com.br\\\/blog\\\/wp-content\\\/uploads\\\/2024\\\/04\\\/blog-qual-e-o-grau-de-impacto-na-qualidade-de-vida-do-paciente-com-dor-cronica-young-sport-woman-suffered-from-knee-pain-injury-while-running-city.jpg\",\"width\":1200,\"height\":800,\"caption\":\"Young sport woman suffered from knee pain injury while running in city\"},{\"@type\":\"BreadcrumbList\",\"@id\":\"https:\\\/\\\/www.iluminiclinic.com.br\\\/blog\\\/qual-e-o-grau-de-impacto-na-qualidade-de-vida-do-paciente-com-dor-cronica\\\/#breadcrumb\",\"itemListElement\":[{\"@type\":\"ListItem\",\"position\":1,\"name\":\"In\u00edcio\",\"item\":\"https:\\\/\\\/www.iluminiclinic.com.br\\\/blog\\\/\"},{\"@type\":\"ListItem\",\"position\":2,\"name\":\"Qual \u00e9 o grau de impacto na qualidade de vida do paciente com dor Cr\u00f4nica\"}]},{\"@type\":\"WebSite\",\"@id\":\"https:\\\/\\\/www.iluminiclinic.com.br\\\/blog\\\/#website\",\"url\":\"https:\\\/\\\/www.iluminiclinic.com.br\\\/blog\\\/\",\"name\":\"Ilumini Clinic\",\"description\":\"Tratamento da Dor, Ginecologia, Obstetr\u00edcia e Reprodu\u00e7\u00e3o Humana\",\"publisher\":{\"@id\":\"https:\\\/\\\/www.iluminiclinic.com.br\\\/blog\\\/#organization\"},\"potentialAction\":[{\"@type\":\"SearchAction\",\"target\":{\"@type\":\"EntryPoint\",\"urlTemplate\":\"https:\\\/\\\/www.iluminiclinic.com.br\\\/blog\\\/?s={search_term_string}\"},\"query-input\":{\"@type\":\"PropertyValueSpecification\",\"valueRequired\":true,\"valueName\":\"search_term_string\"}}],\"inLanguage\":\"pt-BR\"},{\"@type\":\"Organization\",\"@id\":\"https:\\\/\\\/www.iluminiclinic.com.br\\\/blog\\\/#organization\",\"name\":\"Ilumini Clinic\",\"url\":\"https:\\\/\\\/www.iluminiclinic.com.br\\\/blog\\\/\",\"logo\":{\"@type\":\"ImageObject\",\"inLanguage\":\"pt-BR\",\"@id\":\"https:\\\/\\\/www.iluminiclinic.com.br\\\/blog\\\/#\\\/schema\\\/logo\\\/image\\\/\",\"url\":\"https:\\\/\\\/www.iluminiclinic.com.br\\\/blog\\\/wp-content\\\/uploads\\\/2023\\\/01\\\/blog-logo-pure-white.png\",\"contentUrl\":\"https:\\\/\\\/www.iluminiclinic.com.br\\\/blog\\\/wp-content\\\/uploads\\\/2023\\\/01\\\/blog-logo-pure-white.png\",\"width\":500,\"height\":116,\"caption\":\"Ilumini Clinic\"},\"image\":{\"@id\":\"https:\\\/\\\/www.iluminiclinic.com.br\\\/blog\\\/#\\\/schema\\\/logo\\\/image\\\/\"},\"sameAs\":[\"https:\\\/\\\/www.instagram.com\\\/iluminiclinic\\\/\"]},{\"@type\":\"Person\",\"@id\":\"https:\\\/\\\/www.iluminiclinic.com.br\\\/blog\\\/#\\\/schema\\\/person\\\/6bd731de466a31b9ac26a020350a637e\",\"name\":\"Ilumini Clinic\",\"sameAs\":[\"https:\\\/\\\/www.iluminiclinic.com.br\\\/blog\"],\"url\":\"https:\\\/\\\/www.iluminiclinic.com.br\\\/blog\\\/author\\\/admin_wp_59\\\/\"}]}<\/script>\n<!-- \/ Yoast SEO plugin. -->","yoast_head_json":{"title":"Qual \u00e9 o grau de impacto na qualidade de vida do paciente com dor Cr\u00f4nica - Ilumini Clinic","description":"Confira como a dor cr\u00f4nica pode afetar a qualidade de vida de pacientes levando ao agravamento da sa\u00fade quando n\u00e3o tratada com seriedade.","robots":{"index":"index","follow":"follow","max-snippet":"max-snippet:-1","max-image-preview":"max-image-preview:large","max-video-preview":"max-video-preview:-1"},"canonical":"https:\/\/www.iluminiclinic.com.br\/blog\/qual-e-o-grau-de-impacto-na-qualidade-de-vida-do-paciente-com-dor-cronica\/","og_locale":"pt_BR","og_type":"article","og_title":"Qual \u00e9 o grau de impacto na qualidade de vida do paciente com dor Cr\u00f4nica - Ilumini Clinic","og_description":"Confira como a dor cr\u00f4nica pode afetar a qualidade de vida de pacientes levando ao agravamento da sa\u00fade quando n\u00e3o tratada com seriedade.","og_url":"https:\/\/www.iluminiclinic.com.br\/blog\/qual-e-o-grau-de-impacto-na-qualidade-de-vida-do-paciente-com-dor-cronica\/","og_site_name":"Ilumini Clinic","article_published_time":"2024-04-29T02:48:30+00:00","article_modified_time":"2024-05-07T13:23:53+00:00","og_image":[{"width":1200,"height":800,"url":"https:\/\/www.iluminiclinic.com.br\/blog\/wp-content\/uploads\/2024\/04\/blog-qual-e-o-grau-de-impacto-na-qualidade-de-vida-do-paciente-com-dor-cronica-young-sport-woman-suffered-from-knee-pain-injury-while-running-city.jpg","type":"image\/jpeg"}],"author":"Ilumini Clinic","twitter_card":"summary_large_image","twitter_misc":{"Escrito por":"Ilumini Clinic","Est. tempo de leitura":"4 minutos"},"schema":{"@context":"https:\/\/schema.org","@graph":[{"@type":"Article","@id":"https:\/\/www.iluminiclinic.com.br\/blog\/qual-e-o-grau-de-impacto-na-qualidade-de-vida-do-paciente-com-dor-cronica\/#article","isPartOf":{"@id":"https:\/\/www.iluminiclinic.com.br\/blog\/qual-e-o-grau-de-impacto-na-qualidade-de-vida-do-paciente-com-dor-cronica\/"},"author":{"name":"Ilumini Clinic","@id":"https:\/\/www.iluminiclinic.com.br\/blog\/#\/schema\/person\/6bd731de466a31b9ac26a020350a637e"},"headline":"Qual \u00e9 o grau de impacto na qualidade de vida do paciente com dor Cr\u00f4nica","datePublished":"2024-04-29T02:48:30+00:00","dateModified":"2024-05-07T13:23:53+00:00","mainEntityOfPage":{"@id":"https:\/\/www.iluminiclinic.com.br\/blog\/qual-e-o-grau-de-impacto-na-qualidade-de-vida-do-paciente-com-dor-cronica\/"},"wordCount":697,"publisher":{"@id":"https:\/\/www.iluminiclinic.com.br\/blog\/#organization"},"image":{"@id":"https:\/\/www.iluminiclinic.com.br\/blog\/qual-e-o-grau-de-impacto-na-qualidade-de-vida-do-paciente-com-dor-cronica\/#primaryimage"},"thumbnailUrl":"https:\/\/www.iluminiclinic.com.br\/blog\/wp-content\/uploads\/2024\/04\/blog-qual-e-o-grau-de-impacto-na-qualidade-de-vida-do-paciente-com-dor-cronica-young-sport-woman-suffered-from-knee-pain-injury-while-running-city.jpg","keywords":["cl\u00ednica multidisciplinar","dor cr\u00f4nica","Ilimini Clinic","Medicina de Precis\u00e3o","Medicina Integrativa","tratamento da dor"],"articleSection":["Tratamento da Dor"],"inLanguage":"pt-BR"},{"@type":"WebPage","@id":"https:\/\/www.iluminiclinic.com.br\/blog\/qual-e-o-grau-de-impacto-na-qualidade-de-vida-do-paciente-com-dor-cronica\/","url":"https:\/\/www.iluminiclinic.com.br\/blog\/qual-e-o-grau-de-impacto-na-qualidade-de-vida-do-paciente-com-dor-cronica\/","name":"Qual \u00e9 o grau de impacto na qualidade de vida do paciente com dor Cr\u00f4nica - Ilumini Clinic","isPartOf":{"@id":"https:\/\/www.iluminiclinic.com.br\/blog\/#website"},"primaryImageOfPage":{"@id":"https:\/\/www.iluminiclinic.com.br\/blog\/qual-e-o-grau-de-impacto-na-qualidade-de-vida-do-paciente-com-dor-cronica\/#primaryimage"},"image":{"@id":"https:\/\/www.iluminiclinic.com.br\/blog\/qual-e-o-grau-de-impacto-na-qualidade-de-vida-do-paciente-com-dor-cronica\/#primaryimage"},"thumbnailUrl":"https:\/\/www.iluminiclinic.com.br\/blog\/wp-content\/uploads\/2024\/04\/blog-qual-e-o-grau-de-impacto-na-qualidade-de-vida-do-paciente-com-dor-cronica-young-sport-woman-suffered-from-knee-pain-injury-while-running-city.jpg","datePublished":"2024-04-29T02:48:30+00:00","dateModified":"2024-05-07T13:23:53+00:00","description":"Confira como a dor cr\u00f4nica pode afetar a qualidade de vida de pacientes levando ao agravamento da sa\u00fade quando n\u00e3o tratada com seriedade.","breadcrumb":{"@id":"https:\/\/www.iluminiclinic.com.br\/blog\/qual-e-o-grau-de-impacto-na-qualidade-de-vida-do-paciente-com-dor-cronica\/#breadcrumb"},"inLanguage":"pt-BR","potentialAction":[{"@type":"ReadAction","target":["https:\/\/www.iluminiclinic.com.br\/blog\/qual-e-o-grau-de-impacto-na-qualidade-de-vida-do-paciente-com-dor-cronica\/"]}]},{"@type":"ImageObject","inLanguage":"pt-BR","@id":"https:\/\/www.iluminiclinic.com.br\/blog\/qual-e-o-grau-de-impacto-na-qualidade-de-vida-do-paciente-com-dor-cronica\/#primaryimage","url":"https:\/\/www.iluminiclinic.com.br\/blog\/wp-content\/uploads\/2024\/04\/blog-qual-e-o-grau-de-impacto-na-qualidade-de-vida-do-paciente-com-dor-cronica-young-sport-woman-suffered-from-knee-pain-injury-while-running-city.jpg","contentUrl":"https:\/\/www.iluminiclinic.com.br\/blog\/wp-content\/uploads\/2024\/04\/blog-qual-e-o-grau-de-impacto-na-qualidade-de-vida-do-paciente-com-dor-cronica-young-sport-woman-suffered-from-knee-pain-injury-while-running-city.jpg","width":1200,"height":800,"caption":"Young sport woman suffered from knee pain injury while running in city"},{"@type":"BreadcrumbList","@id":"https:\/\/www.iluminiclinic.com.br\/blog\/qual-e-o-grau-de-impacto-na-qualidade-de-vida-do-paciente-com-dor-cronica\/#breadcrumb","itemListElement":[{"@type":"ListItem","position":1,"name":"In\u00edcio","item":"https:\/\/www.iluminiclinic.com.br\/blog\/"},{"@type":"ListItem","position":2,"name":"Qual \u00e9 o grau de impacto na qualidade de vida do paciente com dor Cr\u00f4nica"}]},{"@type":"WebSite","@id":"https:\/\/www.iluminiclinic.com.br\/blog\/#website","url":"https:\/\/www.iluminiclinic.com.br\/blog\/","name":"Ilumini Clinic","description":"Tratamento da Dor, Ginecologia, Obstetr\u00edcia e Reprodu\u00e7\u00e3o Humana","publisher":{"@id":"https:\/\/www.iluminiclinic.com.br\/blog\/#organization"},"potentialAction":[{"@type":"SearchAction","target":{"@type":"EntryPoint","urlTemplate":"https:\/\/www.iluminiclinic.com.br\/blog\/?s={search_term_string}"},"query-input":{"@type":"PropertyValueSpecification","valueRequired":true,"valueName":"search_term_string"}}],"inLanguage":"pt-BR"},{"@type":"Organization","@id":"https:\/\/www.iluminiclinic.com.br\/blog\/#organization","name":"Ilumini Clinic","url":"https:\/\/www.iluminiclinic.com.br\/blog\/","logo":{"@type":"ImageObject","inLanguage":"pt-BR","@id":"https:\/\/www.iluminiclinic.com.br\/blog\/#\/schema\/logo\/image\/","url":"https:\/\/www.iluminiclinic.com.br\/blog\/wp-content\/uploads\/2023\/01\/blog-logo-pure-white.png","contentUrl":"https:\/\/www.iluminiclinic.com.br\/blog\/wp-content\/uploads\/2023\/01\/blog-logo-pure-white.png","width":500,"height":116,"caption":"Ilumini Clinic"},"image":{"@id":"https:\/\/www.iluminiclinic.com.br\/blog\/#\/schema\/logo\/image\/"},"sameAs":["https:\/\/www.instagram.com\/iluminiclinic\/"]},{"@type":"Person","@id":"https:\/\/www.iluminiclinic.com.br\/blog\/#\/schema\/person\/6bd731de466a31b9ac26a020350a637e","name":"Ilumini Clinic","sameAs":["https:\/\/www.iluminiclinic.com.br\/blog"],"url":"https:\/\/www.iluminiclinic.com.br\/blog\/author\/admin_wp_59\/"}]}},"_links":{"self":[{"href":"https:\/\/www.iluminiclinic.com.br\/blog\/wp-json\/wp\/v2\/posts\/465","targetHints":{"allow":["GET"]}}],"collection":[{"href":"https:\/\/www.iluminiclinic.com.br\/blog\/wp-json\/wp\/v2\/posts"}],"about":[{"href":"https:\/\/www.iluminiclinic.com.br\/blog\/wp-json\/wp\/v2\/types\/post"}],"author":[{"embeddable":true,"href":"https:\/\/www.iluminiclinic.com.br\/blog\/wp-json\/wp\/v2\/users\/1"}],"replies":[{"embeddable":true,"href":"https:\/\/www.iluminiclinic.com.br\/blog\/wp-json\/wp\/v2\/comments?post=465"}],"version-history":[{"count":1,"href":"https:\/\/www.iluminiclinic.com.br\/blog\/wp-json\/wp\/v2\/posts\/465\/revisions"}],"predecessor-version":[{"id":467,"href":"https:\/\/www.iluminiclinic.com.br\/blog\/wp-json\/wp\/v2\/posts\/465\/revisions\/467"}],"wp:featuredmedia":[{"embeddable":true,"href":"https:\/\/www.iluminiclinic.com.br\/blog\/wp-json\/wp\/v2\/media\/466"}],"wp:attachment":[{"href":"https:\/\/www.iluminiclinic.com.br\/blog\/wp-json\/wp\/v2\/media?parent=465"}],"wp:term":[{"taxonomy":"category","embeddable":true,"href":"https:\/\/www.iluminiclinic.com.br\/blog\/wp-json\/wp\/v2\/categories?post=465"},{"taxonomy":"post_tag","embeddable":true,"href":"https:\/\/www.iluminiclinic.com.br\/blog\/wp-json\/wp\/v2\/tags?post=465"}],"curies":[{"name":"wp","href":"https:\/\/api.w.org\/{rel}","templated":true}]}}